{"id":11867,"date":"2025-12-15T09:59:20","date_gmt":"2025-12-15T12:59:20","guid":{"rendered":"https:\/\/muycritico.com.ar\/web\/?p=11867"},"modified":"2026-01-18T19:03:38","modified_gmt":"2026-01-18T22:03:38","slug":"victimas-de-violencia-estatal-protestaran-en-la-puerta-de-ciudad-judicial-para-denunciar-los-atropellos-del-estado","status":"publish","type":"post","link":"https:\/\/muycritico.com.ar\/web\/?p=11867","title":{"rendered":"V\u00cdCTIMAS DE VIOLENCIA ESTATAL PROTESTAR\u00c1N EN LA PUERTA DE CIUDAD JUDICIAL PARA DENUNCIAR LOS ATROPELLOS DEL ESTADO"},"content":{"rendered":"<p><strong>El viernes 12 de Diciembre se llev\u00f3 a cabo el Conversatorio titulado: \u201cLa violencia Institucional en primera persona\u201d, con el objetivo de reunir a las v\u00edctimas de la violencia estatal junto a distintas organizaciones de DDHH, partidos, pol\u00edticos, organizaciones sociales y asociaciones de abogados que apoyan sus reclamos de justicia. Se decidi\u00f3 conformar una red de lucha provincial con las organizaciones y personas presentes y los que se quieran sumar, en contra de la violencia institucional y se acordaron puntos de denuncia y trabajo conjunto.<\/strong><\/p>\n<p><!--more--><\/p>\n<p>Se conform\u00f3 una Red de Lucha Provincial contra la Violencia Institucional. Tambi\u00e9n se decidi\u00f3 conformar una Red de abogados y avanzar con el mismo objetivo, en la construcci\u00f3n de una Red de profesionales de Salud Mental.<\/p>\n<p>La Asociaci\u00f3n Alas de Libertad (Familiares de personas privadas de libertad), Madres Protectoras, Comisi\u00f3n de Familiares de Detenidos Desaparecidos, Asociaci\u00f3n Miguel Ragone, Fundaci\u00f3n Cebil, Comisi\u00f3n de Familiares contra el Gatillo F\u00e1cil, Liga Argentina por los DDHH, Capoma, Representantes de la Comunidad LGTBQ+, Centro Comunitario A.L.F.A, Andhes, Comit\u00e9 Contra la Tortura, Partido Obrero, MST y personalidades independientes.<\/p>\n<p>Hoy, a las 11 hs. se reunir\u00e1n en la puerta de Ciudad Judicial acompa\u00f1ando los reclamos de madres y abuelas que luchan contra la revinculaci\u00f3n forzada con abusadores o familiares de \u00e9stos.<\/p>\n","protected":false},"excerpt":{"rendered":"<p>El viernes 12 de Diciembre se llev\u00f3 a cabo el Conversatorio titulado: \u201cLa violencia Institucional en primera persona\u201d, con el objetivo de reunir a las v\u00edctimas de la violencia estatal junto a distintas organizaciones de DDHH, partidos, pol\u00edticos, organizaciones sociales y asociaciones de abogados que apoyan sus reclamos de justicia. Se decidi\u00f3 conformar una red [&hellip;]<\/p>\n","protected":false},"author":2,"featured_media":11868,"comment_status":"open","ping_status":"closed","sticky":false,"template":"","format":"standard","meta":{"footnotes":""},"categories":[6],"tags":[872],"class_list":["post-11867","post","type-post","status-publish","format-standard","has-post-thumbnail","hentry","category-notas","tag-victor-sacca"],"_links":{"self":[{"href":"https:\/\/muycritico.com.ar\/web\/index.php?rest_route=\/wp\/v2\/posts\/11867","targetHints":{"allow":["GET"]}}],"collection":[{"href":"https:\/\/muycritico.com.ar\/web\/index.php?rest_route=\/wp\/v2\/posts"}],"about":[{"href":"https:\/\/muycritico.com.ar\/web\/index.php?rest_route=\/wp\/v2\/types\/post"}],"author":[{"embeddable":true,"href":"https:\/\/muycritico.com.ar\/web\/index.php?rest_route=\/wp\/v2\/users\/2"}],"replies":[{"embeddable":true,"href":"https:\/\/muycritico.com.ar\/web\/index.php?rest_route=%2Fwp%2Fv2%2Fcomments&post=11867"}],"version-history":[{"count":1,"href":"https:\/\/muycritico.com.ar\/web\/index.php?rest_route=\/wp\/v2\/posts\/11867\/revisions"}],"predecessor-version":[{"id":11869,"href":"https:\/\/muycritico.com.ar\/web\/index.php?rest_route=\/wp\/v2\/posts\/11867\/revisions\/11869"}],"wp:featuredmedia":[{"embeddable":true,"href":"https:\/\/muycritico.com.ar\/web\/index.php?rest_route=\/wp\/v2\/media\/11868"}],"wp:attachment":[{"href":"https:\/\/muycritico.com.ar\/web\/index.php?rest_route=%2Fwp%2Fv2%2Fmedia&parent=11867"}],"wp:term":[{"taxonomy":"category","embeddable":true,"href":"https:\/\/muycritico.com.ar\/web\/index.php?rest_route=%2Fwp%2Fv2%2Fcategories&post=11867"},{"taxonomy":"post_tag","embeddable":true,"href":"https:\/\/muycritico.com.ar\/web\/index.php?rest_route=%2Fwp%2Fv2%2Ftags&post=11867"}],"curies":[{"name":"wp","href":"https:\/\/api.w.org\/{rel}","templated":true}]}}