{"id":11864,"date":"2025-12-15T09:38:06","date_gmt":"2025-12-15T12:38:06","guid":{"rendered":"https:\/\/muycritico.com.ar\/web\/?p=11864"},"modified":"2026-01-18T19:03:38","modified_gmt":"2026-01-18T22:03:38","slug":"el-ente-recibio-un-nuevo-reconocimiento-a-la-buena-gestion","status":"publish","type":"post","link":"https:\/\/muycritico.com.ar\/web\/?p=11864","title":{"rendered":"EL ENTE RECIBI\u00d3 UN NUEVO RECONOCIMIENTO A LA BUENA GESTI\u00d3N"},"content":{"rendered":"<p><strong>El Ente Regulador de los Servicios P\u00fablicos fue distinguido nuevamente con el Reconocimiento a la Buena Gesti\u00f3n, otorgado por la Secretar\u00eda de Modernizaci\u00f3n del Gobierno de la Provincia de Salta. El organismo se ubic\u00f3 entre las diez instituciones con mejor desempe\u00f1o seg\u00fan el Indicador de Gesti\u00f3n de Calidad del Poder Ejecutivo Provincial, que eval\u00faa avances, pr\u00e1cticas y resultados alcanzados en materia de mejora continua.<\/strong><\/p>\n<p><!--more--><\/p>\n<p>La distinci\u00f3n fue entregada en el marco del Plan Provincial de Calidad, que promueve la modernizaci\u00f3n del Estado mediante procesos de evaluaci\u00f3n, fortalecimiento institucional y digitalizaci\u00f3n. Durante el acto, el presidente del Ente Regulador, Carlos Saravia, expres\u00f3 su agradecimiento y destac\u00f3 el compromiso del organismo con la excelencia.<\/p>\n<p>\u201cEstamos muy agradecidos de ser parte de esta familia que busca la mejora continua. Lo mejor que nos ha ocurrido fue crear una gerencia espec\u00edfica de Calidad. Recibimos este reconocimiento con mucho orgullo. Tambi\u00e9n hemos obtenido premios nacionales de calidad, incluso medallas de oro, al igual que Escriban\u00eda de Gobierno. Esto nos alienta a continuar, especialmente en periodos adversos desde lo econ\u00f3mico. Es f\u00e1cil hacer calidad cuando hay recursos; el verdadero desaf\u00edo es sostenerla cuando no los hay\u201d afirm\u00f3 Saravia.<\/p>\n<p><iframe loading=\"lazy\" style=\"border: none; overflow: hidden;\" src=\"https:\/\/www.facebook.com\/plugins\/video.php?height=314&amp;href=https%3A%2F%2Fwww.facebook.com%2Freel%2F25198151389838016%2F&amp;show_text=true&amp;width=560&amp;t=0\" width=\"560\" height=\"429\" frameborder=\"0\" scrolling=\"no\" allowfullscreen=\"allowfullscreen\"><\/iframe><\/p>\n<p>Por su parte, el secretario de Modernizaci\u00f3n del Estado, Mart\u00edn G\u00fcemes, resalt\u00f3 el trabajo sostenido del organismo.<\/p>\n<p>\u201cEl Ente es ejemplar en su funcionamiento. Venimos trabajando hace tiempo con su equipo de Calidad, que ha sostenido procesos y avances significativos. Ha incorporado herramientas digitales, recientemente inteligencia artificial, y mantiene un muy buen nivel de gesti\u00f3n. Como todos los organismos, siempre hay mucho por mejorar, y la ciudadan\u00eda lo demanda. Este reconocimiento busca justamente eso: inyectar energ\u00eda a quienes hacen que el Estado funcione mejor cada d\u00eda\u201d.<\/p>\n<p>El premio reafirma el compromiso del Ente Regulador con la calidad institucional, la eficiencia en la gesti\u00f3n y la implementaci\u00f3n de herramientas que faciliten la atenci\u00f3n y resoluci\u00f3n de necesidades de los usuarios de los servicios p\u00fablicos.<\/p>\n<p><iframe loading=\"lazy\" style=\"border: none; overflow: hidden;\" src=\"https:\/\/www.facebook.com\/plugins\/video.php?height=314&amp;href=https%3A%2F%2Fwww.facebook.com%2Freel%2F1569443854373707%2F&amp;show_text=true&amp;width=560&amp;t=0\" width=\"560\" height=\"429\" frameborder=\"0\" scrolling=\"no\" allowfullscreen=\"allowfullscreen\"><\/iframe><\/p>\n","protected":false},"excerpt":{"rendered":"<p>El Ente Regulador de los Servicios P\u00fablicos fue distinguido nuevamente con el Reconocimiento a la Buena Gesti\u00f3n, otorgado por la Secretar\u00eda de Modernizaci\u00f3n del Gobierno de la Provincia de Salta. El organismo se ubic\u00f3 entre las diez instituciones con mejor desempe\u00f1o seg\u00fan el Indicador de Gesti\u00f3n de Calidad del Poder Ejecutivo Provincial, que eval\u00faa avances, [&hellip;]<\/p>\n","protected":false},"author":2,"featured_media":11865,"comment_status":"open","ping_status":"closed","sticky":false,"template":"","format":"standard","meta":{"footnotes":""},"categories":[6],"tags":[872],"class_list":["post-11864","post","type-post","status-publish","format-standard","has-post-thumbnail","hentry","category-notas","tag-victor-sacca"],"_links":{"self":[{"href":"https:\/\/muycritico.com.ar\/web\/index.php?rest_route=\/wp\/v2\/posts\/11864","targetHints":{"allow":["GET"]}}],"collection":[{"href":"https:\/\/muycritico.com.ar\/web\/index.php?rest_route=\/wp\/v2\/posts"}],"about":[{"href":"https:\/\/muycritico.com.ar\/web\/index.php?rest_route=\/wp\/v2\/types\/post"}],"author":[{"embeddable":true,"href":"https:\/\/muycritico.com.ar\/web\/index.php?rest_route=\/wp\/v2\/users\/2"}],"replies":[{"embeddable":true,"href":"https:\/\/muycritico.com.ar\/web\/index.php?rest_route=%2Fwp%2Fv2%2Fcomments&post=11864"}],"version-history":[{"count":1,"href":"https:\/\/muycritico.com.ar\/web\/index.php?rest_route=\/wp\/v2\/posts\/11864\/revisions"}],"predecessor-version":[{"id":11866,"href":"https:\/\/muycritico.com.ar\/web\/index.php?rest_route=\/wp\/v2\/posts\/11864\/revisions\/11866"}],"wp:featuredmedia":[{"embeddable":true,"href":"https:\/\/muycritico.com.ar\/web\/index.php?rest_route=\/wp\/v2\/media\/11865"}],"wp:attachment":[{"href":"https:\/\/muycritico.com.ar\/web\/index.php?rest_route=%2Fwp%2Fv2%2Fmedia&parent=11864"}],"wp:term":[{"taxonomy":"category","embeddable":true,"href":"https:\/\/muycritico.com.ar\/web\/index.php?rest_route=%2Fwp%2Fv2%2Fcategories&post=11864"},{"taxonomy":"post_tag","embeddable":true,"href":"https:\/\/muycritico.com.ar\/web\/index.php?rest_route=%2Fwp%2Fv2%2Ftags&post=11864"}],"curies":[{"name":"wp","href":"https:\/\/api.w.org\/{rel}","templated":true}]}}