{"id":11861,"date":"2025-12-15T09:16:45","date_gmt":"2025-12-15T12:16:45","guid":{"rendered":"https:\/\/muycritico.com.ar\/web\/?p=11861"},"modified":"2026-01-18T19:03:38","modified_gmt":"2026-01-18T22:03:38","slug":"salta-adhiere-a-la-ley-nicolas","status":"publish","type":"post","link":"https:\/\/muycritico.com.ar\/web\/?p=11861","title":{"rendered":"SALTA ADHIERE A LA LEY NICOL\u00c1S"},"content":{"rendered":"<p><strong>Mediante esta nueva normativa que tuvo origen en la C\u00e1mara de Diputados de Salta, se establece la adhesi\u00f3n de la provincia al marco normativo nacional para garantizar una asistencia sanitaria de calidad y segura, buscando reducir errores m\u00e9dicos y mala praxis a trav\u00e9s de protocolos, tecnolog\u00eda y capacitaci\u00f3n obligatoria del personal de salud.<\/strong><\/p>\n<p><!--more--><\/p>\n<p>La C\u00e1mara de Senadores otorg\u00f3 sanci\u00f3n definitiva al proyecto de Ley que establece la adhesi\u00f3n de Salta a la Ley Nacional N\u00b0 27.797 de Calidad y Seguridad Sanitaria, una norma esencial para la protecci\u00f3n de los pacientes.<\/p>\n<p>La nueva legislaci\u00f3n busca establecer un marco riguroso para garantizar una asistencia sanitaria segura en todo el territorio provincial. Su principal objetivo es reducir al m\u00ednimo los errores m\u00e9dicos y los casos de mala praxis, promoviendo una cultura de seguridad dentro del sistema de salud.<\/p>\n<p>Para lograr estos fines, la ley establece la creaci\u00f3n de protocolos de actuaci\u00f3n claros y el uso indispensable de tecnolog\u00eda, como la implementaci\u00f3n de la historia cl\u00ednica digital \u00fanica. De igual modo, se promueve la capacitaci\u00f3n obligatoria del personal de salud en materia de seguridad.<\/p>\n<p>La iniciativa fue presentada por los diputados Esteban Amat, Enzo Alabi, Luis Albeza, Ger\u00f3nimo Arjona, Mois\u00e9s Balderrama (MC), Federico Ca\u00f1izares (MC), Laura Cartuccia, Carolina Ceaglio (MC), Enzo Chauque, Gustavo Dantur, Edgar Dom\u00ednguez, Juan Esteban, Pablo G\u00f3mez (MC), Patricia Hucena, Carlos Jorge, V\u00edctor Lamberto (MC), Marcela Leguina (MC), Fabio L\u00f3pez, Mar\u00eda L\u00f3pez (MC), Sergio Oliva, Norberto Paz, Marcelo Paz (MC), Patricio Pe\u00f1alba, Germ\u00e1n Rall\u00e9, Ramona Riquelme (MC), Rogelio Segundo, Daniel Segura, Nicol\u00e1s Taibo, Ernesto Tapia, Adri\u00e1n Valenzuela, Ricardo Vargas (MC), Ra\u00fal Vargas, Santiago Vargas (MC) y Mat\u00edas Monteagudo.<\/p>\n<p>Es importante destacar que la norma, que fue sancionada en forma definitiva en la \u00faltima Sesi\u00f3n del Senado, obtuvo media sanci\u00f3n durante la 30\u00ba sesi\u00f3n Ordinaria de la C\u00e1mara Baja provincial el pasado 11 de noviembre.<\/p>\n<p><strong>EL CASO DE NICOL\u00c1S DEANNA<\/strong><\/p>\n<p>La Ley Nacional N\u00b0 27.797, a la cual Salta adhiere, es conocida como &#8220;Ley Nicol\u00e1s&#8221;. Esta normativa fue impulsada por Gabriela Covelli, madre de Nicol\u00e1s Deanna, un joven que falleci\u00f3 en 2017 a los 24 a\u00f1os a causa de una meningitis bacteriana mal diagnosticada. El caso de mala praxis se convirti\u00f3 en un s\u00edmbolo de la lucha por la justicia y la necesidad de cambios legislativos que protejan a los pacientes argentinos de da\u00f1os evitables.<\/p>\n<p><iframe loading=\"lazy\" title=\"Adhesi\u00f3n de Salta a la Ley Nacional N\u00ba 27.797 de Calidad y Seguridad Sanitaria - Ley Nicol\u00e1s\" width=\"696\" height=\"392\" src=\"https:\/\/www.youtube.com\/embed\/im439_9XpuY?feature=oembed\" frameborder=\"0\" allow=\"accelerometer; autoplay; clipboard-write; encrypted-media; gyroscope; picture-in-picture; web-share\" referrerpolicy=\"strict-origin-when-cross-origin\" allowfullscreen><\/iframe><\/p>\n","protected":false},"excerpt":{"rendered":"<p>Mediante esta nueva normativa que tuvo origen en la C\u00e1mara de Diputados de Salta, se establece la adhesi\u00f3n de la provincia al marco normativo nacional para garantizar una asistencia sanitaria de calidad y segura, buscando reducir errores m\u00e9dicos y mala praxis a trav\u00e9s de protocolos, tecnolog\u00eda y capacitaci\u00f3n obligatoria del personal de salud.<\/p>\n","protected":false},"author":2,"featured_media":11862,"comment_status":"open","ping_status":"closed","sticky":false,"template":"","format":"standard","meta":{"footnotes":""},"categories":[6],"tags":[872],"class_list":["post-11861","post","type-post","status-publish","format-standard","has-post-thumbnail","hentry","category-notas","tag-victor-sacca"],"_links":{"self":[{"href":"https:\/\/muycritico.com.ar\/web\/index.php?rest_route=\/wp\/v2\/posts\/11861","targetHints":{"allow":["GET"]}}],"collection":[{"href":"https:\/\/muycritico.com.ar\/web\/index.php?rest_route=\/wp\/v2\/posts"}],"about":[{"href":"https:\/\/muycritico.com.ar\/web\/index.php?rest_route=\/wp\/v2\/types\/post"}],"author":[{"embeddable":true,"href":"https:\/\/muycritico.com.ar\/web\/index.php?rest_route=\/wp\/v2\/users\/2"}],"replies":[{"embeddable":true,"href":"https:\/\/muycritico.com.ar\/web\/index.php?rest_route=%2Fwp%2Fv2%2Fcomments&post=11861"}],"version-history":[{"count":1,"href":"https:\/\/muycritico.com.ar\/web\/index.php?rest_route=\/wp\/v2\/posts\/11861\/revisions"}],"predecessor-version":[{"id":11863,"href":"https:\/\/muycritico.com.ar\/web\/index.php?rest_route=\/wp\/v2\/posts\/11861\/revisions\/11863"}],"wp:featuredmedia":[{"embeddable":true,"href":"https:\/\/muycritico.com.ar\/web\/index.php?rest_route=\/wp\/v2\/media\/11862"}],"wp:attachment":[{"href":"https:\/\/muycritico.com.ar\/web\/index.php?rest_route=%2Fwp%2Fv2%2Fmedia&parent=11861"}],"wp:term":[{"taxonomy":"category","embeddable":true,"href":"https:\/\/muycritico.com.ar\/web\/index.php?rest_route=%2Fwp%2Fv2%2Fcategories&post=11861"},{"taxonomy":"post_tag","embeddable":true,"href":"https:\/\/muycritico.com.ar\/web\/index.php?rest_route=%2Fwp%2Fv2%2Ftags&post=11861"}],"curies":[{"name":"wp","href":"https:\/\/api.w.org\/{rel}","templated":true}]}}