{"id":11853,"date":"2025-12-14T19:46:50","date_gmt":"2025-12-14T22:46:50","guid":{"rendered":"https:\/\/muycritico.com.ar\/web\/?p=11853"},"modified":"2025-12-15T08:57:07","modified_gmt":"2025-12-15T11:57:07","slug":"jimena-salas-el-angustiante-audio-que-le-envio-la-novia-del-chino-saavedra-a-dias-de-conocerse-las-fotografias-del-caniche-toy","status":"publish","type":"post","link":"https:\/\/muycritico.com.ar\/web\/?p=11853","title":{"rendered":"JIMENA SALAS: EL ANGUSTIANTE AUDIO QUE LE ENVI\u00d3 LA NOVIA DEL CHINO SAAVEDRA A D\u00cdAS DE CONOCERSE LAS FOTOGRAF\u00cdAS DEL CANICHE TOY"},"content":{"rendered":"<p><strong>El caso Jimena Salas est\u00e1 lejos de cerrarse, ya que uno de los asesinos esta suelto. Cabe recordar que el otro responsable material del sangriento femicidio se suicid\u00f3 12 horas antes de comenzar el juicio. Durante el debate oral y publico se conocieron los audios de Whatsapp le envi\u00f3 su novia apenas se hicieron p\u00fablicas las fotograf\u00edas de uno de los atacantes sosteniendo su propio caniche toy.<\/strong><\/p>\n<p><!--more--><\/p>\n<p>Seguramente a pocos autores de novelas policiales \u201cnoir\u201d se les hubiera ocurrido una secuencia tan ominosa y angustiante por la que tuviera que atravesar alguien como la joven, quien fuera pareja del asesino de Jimena Salas y no lo sab\u00eda. Esa perrita color gris ceniza hab\u00eda sido su regalo de cumplea\u00f1os el 27 de noviembre de 2016. Nada hubiera hecho pensar a la joven que esa mascota en unos meses pasar\u00eda a formar parte de las espeluznantes cr\u00f3nicas policiales; y menos a\u00fan podr\u00eda dimensionar la trascendencia que tuvo la presencia de su perrita en lo que es al d\u00eda de hoy el hecho criminal m\u00e1s enigm\u00e1tico de la historia judicial de Salta.<\/p>\n<blockquote class=\"instagram-media\" style=\"background: #FFF; border: 0; border-radius: 3px; box-shadow: 0 0 1px 0 rgba(0,0,0,0.5),0 1px 10px 0 rgba(0,0,0,0.15); margin: 1px; max-width: 540px; min-width: 326px; padding: 0; width: calc(100% - 2px);\" data-instgrm-captioned=\"\" data-instgrm-permalink=\"https:\/\/www.instagram.com\/reel\/DSQyvEhkVI6\/?utm_source=ig_embed&amp;utm_campaign=loading\" data-instgrm-version=\"14\">\n<div style=\"padding: 16px;\">\n<p>&nbsp;<\/p>\n<div style=\"display: flex; flex-direction: row; align-items: center;\">\n<div style=\"background-color: #f4f4f4; border-radius: 50%; flex-grow: 0; height: 40px; margin-right: 14px; width: 40px;\"><\/div>\n<div style=\"display: flex; flex-direction: column; flex-grow: 1; justify-content: center;\">\n<div style=\"background-color: #f4f4f4; border-radius: 4px; flex-grow: 0; height: 14px; margin-bottom: 6px; width: 100px;\"><\/div>\n<div style=\"background-color: #f4f4f4; border-radius: 4px; flex-grow: 0; height: 14px; width: 60px;\"><\/div>\n<\/div>\n<\/div>\n<div style=\"padding: 19% 0;\"><\/div>\n<div style=\"display: block; height: 50px; margin: 0 auto 12px; width: 50px;\"><\/div>\n<div style=\"padding-top: 8px;\">\n<div style=\"color: #3897f0; font-family: Arial,sans-serif; font-size: 14px; font-style: normal; font-weight: 550; line-height: 18px;\">Ver esta publicaci\u00f3n en Instagram<\/div>\n<\/div>\n<div style=\"padding: 12.5% 0;\"><\/div>\n<div style=\"display: flex; flex-direction: row; margin-bottom: 14px; align-items: center;\">\n<div>\n<div style=\"background-color: #f4f4f4; border-radius: 50%; height: 12.5px; width: 12.5px; transform: translateX(0px) translateY(7px);\"><\/div>\n<div style=\"background-color: #f4f4f4; height: 12.5px; transform: rotate(-45deg) translateX(3px) translateY(1px); width: 12.5px; flex-grow: 0; margin-right: 14px; margin-left: 2px;\"><\/div>\n<div style=\"background-color: #f4f4f4; border-radius: 50%; height: 12.5px; width: 12.5px; transform: translateX(9px) translateY(-18px);\"><\/div>\n<\/div>\n<div style=\"margin-left: 8px;\">\n<div style=\"background-color: #f4f4f4; border-radius: 50%; flex-grow: 0; height: 20px; width: 20px;\"><\/div>\n<div style=\"width: 0; height: 0; border-top: 2px solid transparent; border-left: 6px solid #f4f4f4; border-bottom: 2px solid transparent; transform: translateX(16px) translateY(-4px) rotate(30deg);\"><\/div>\n<\/div>\n<div style=\"margin-left: auto;\">\n<div style=\"width: 0px; border-top: 8px solid #F4F4F4; border-right: 8px solid transparent; transform: translateY(16px);\"><\/div>\n<div style=\"background-color: #f4f4f4; flex-grow: 0; height: 12px; width: 16px; transform: translateY(-4px);\"><\/div>\n<div style=\"width: 0; height: 0; border-top: 8px solid #F4F4F4; border-left: 8px solid transparent; transform: translateY(-4px) translateX(8px);\"><\/div>\n<\/div>\n<\/div>\n<div style=\"display: flex; flex-direction: column; flex-grow: 1; justify-content: center; margin-bottom: 24px;\">\n<div style=\"background-color: #f4f4f4; border-radius: 4px; flex-grow: 0; height: 14px; margin-bottom: 6px; width: 224px;\"><\/div>\n<div style=\"background-color: #f4f4f4; border-radius: 4px; flex-grow: 0; height: 14px; width: 144px;\"><\/div>\n<\/div>\n<p>&nbsp;<\/p>\n<p style=\"color: #c9c8cd; font-family: Arial,sans-serif; font-size: 14px; line-height: 17px; margin-bottom: 0; margin-top: 8px; overflow: hidden; padding: 8px 0 7px; text-align: center; text-overflow: ellipsis; white-space: nowrap;\"><a style=\"color: #c9c8cd; font-family: Arial,sans-serif; font-size: 14px; font-style: normal; font-weight: normal; line-height: 17px; text-decoration: none;\" href=\"https:\/\/www.instagram.com\/reel\/DSQyvEhkVI6\/?utm_source=ig_embed&amp;utm_campaign=loading\" target=\"_blank\" rel=\"noopener\">Una publicaci\u00f3n compartida por Muy Critico (@muycriticodigital)<\/a><\/p>\n<\/div>\n<\/blockquote>\n<p><script async src=\"\/\/www.instagram.com\/embed.js\"><\/script><\/p>\n<p>Uno de los autores del horroroso asesinato podr\u00eda estar leyendo esta cr\u00f3nica en cualquier punto del planeta, mientras el oficial Colque aun continua busc\u00e1ndolo, junto a la unidad especial que dio con el otro asesino: <strong>Javier \u201cEl Chino\u201d Saavedra<\/strong>. Ese equipo formado por casi 50 polic\u00edas le puso nombre a los carteles que todas las semanas las amigas de la v\u00edctima mostraban en la Plaza 9 de Julio y que preguntaba: \u201c\u00bfQui\u00e9n mat\u00f3 a Jimena Salas?\u201d.<\/p>\n<p>La primera buena noticia para la unidad fiscal y el equipo de la polic\u00eda que retom\u00f3 la hip\u00f3tesis del robo que termin\u00f3 mal fue la obtenci\u00f3n de la pieza clave de toda la investigaci\u00f3n: la foto de \u201cBonies\u201d o \u201cLa Chichita\u201d, el animalito que termin\u00f3 siendo fatal para la suerte de Javier Saavedra, ya que fue lo que llev\u00f3 a que con una simple comparaci\u00f3n digital la foto fuera a dar a la cuenta de Facebook del asesino. All\u00ed aparec\u00eda el animalito en varias im\u00e1genes. Fue el inicio de la investigaci\u00f3n y el punto de partida para arrestar a Javier Saavedra en Santa Victoria Este.<\/p>\n<p><img loading=\"lazy\" decoding=\"async\" class=\"aligncenter size-full wp-image-11854\" src=\"https:\/\/muycritico.com.ar\/web\/wp-content\/uploads\/2025\/12\/FUNDAMENTOS-JIMENA-SALAS.jpg\" alt=\"\" width=\"532\" height=\"757\" \/><\/p>\n<p>El d\u00eda en que la fiscal\u00eda pidi\u00f3 la colaboraci\u00f3n de los medios para publicar las fotos y los identikit, la suerte del Chino Saavedra estuvo echada. Ese funesto d\u00eda para el trabajador social y m\u00fasico aficionado, fue el 6 de diciembre de 2017, cuando su pareja vio en el diario El Tribuno las fotos y qued\u00f3 paralizada. No todos los d\u00edas alguien se topa con la foto de su propia mascota en las manos de un perverso asesino, quien junto a otro sujeto le asestaron 45 pu\u00f1aladas a una mujer indefensa dentro de su casa y delante de sus hijas de 3 a\u00f1os.<\/p>\n<p>\u201cMira\u2026 ay no s\u00e9, en el video el perrito, la perrita esa del video tiene como un collar rojo y la correa nunca en mi vida la vi, pero ese collar, hay una foto que te mand\u00e9 y\u2026 que tiene el collar rojo digamos y despu\u00e9s o sea, la primera foto que te mand\u00e9 creo que es antes de la fecha del crimen y ella te mand\u00f3 una foto en la que todav\u00eda tiene ese corte que es despu\u00e9s de la fecha del crimen, d\u00edas despu\u00e9s y todav\u00eda tiene como las orejitas y yo que s\u00e9, y es muy loco me parece, muy loco\u201d.<\/p>\n<p><img loading=\"lazy\" decoding=\"async\" class=\"aligncenter size-full wp-image-11855\" src=\"https:\/\/muycritico.com.ar\/web\/wp-content\/uploads\/2025\/12\/CHINO-SAAVEDRA4.jpg\" alt=\"\" width=\"588\" height=\"829\" \/><\/p>\n<p>La contundencia del audio es tan notoria como la angustia que le caus\u00f3 a la joven a quien seg\u00fan los fundamentos de la sentencia conocidos unos d\u00edas despu\u00e9s de la absoluci\u00f3n de los otros dos hermanos Saavedra; ella sinti\u00f3 \u201cmiedo\u201d y \u201cpiel erizada\u201d, seg\u00fan sus propias palabras.<\/p>\n<p>Obvio que al momento que los audios fueron exhibidos durante el juicio y expuestos ante la joven ya en car\u00e1cter de testigo, l\u00f3gicamente por consejos de la defensa de la familia Saavedra, la mujer minimiz\u00f3 la importancia de la prueba.<\/p>\n<p><img loading=\"lazy\" decoding=\"async\" class=\"aligncenter size-full wp-image-11856\" src=\"https:\/\/muycritico.com.ar\/web\/wp-content\/uploads\/2025\/12\/FUNDAMENTOS-JIMENA-SALAS2.jpg\" alt=\"\" width=\"467\" height=\"619\" \/><\/p>\n<p>Pero el registro digital muestra una contundencia absoluta, es un hecho que ella reconoce a la perrita, la misma que hab\u00eda sido su regalo de cumplea\u00f1os y que unos meses despu\u00e9s formar\u00eda parte fundamental de la investigaci\u00f3n de uno de los cr\u00edmenes m\u00e1s aterradores de la historia judicial de Salta, y que fue cometido nada m\u00e1s ni nada menos que por la persona a quien ella amaba incondicionalmente, a quien decidi\u00f3 creerle a pesar de la contundencia de una de las pruebas.<\/p>\n<p>Pruebas como su sangre regada por toda la casa de Vaqueros aquel tr\u00e1gico 27 de enero de 2017, cuando decidi\u00f3 que despu\u00e9s de varios intentos de abordar a mujeres de la zona, que la pobre Jimena ser\u00eda la indicada.<\/p>\n","protected":false},"excerpt":{"rendered":"<p>El caso Jimena Salas est\u00e1 lejos de cerrarse, ya que uno de los asesinos esta suelto. Cabe recordar que el otro responsable material del sangriento femicidio se suicid\u00f3 12 horas antes de comenzar el juicio. Durante el debate oral y publico se conocieron los audios de Whatsapp le envi\u00f3 su novia apenas se hicieron p\u00fablicas [&hellip;]<\/p>\n","protected":false},"author":2,"featured_media":11204,"comment_status":"open","ping_status":"closed","sticky":false,"template":"","format":"standard","meta":{"footnotes":""},"categories":[1312],"tags":[277,42],"class_list":["post-11853","post","type-post","status-publish","format-standard","has-post-thumbnail","hentry","category-criminales","tag-javier-el-chino-saavedra","tag-jimena-salas"],"_links":{"self":[{"href":"https:\/\/muycritico.com.ar\/web\/index.php?rest_route=\/wp\/v2\/posts\/11853","targetHints":{"allow":["GET"]}}],"collection":[{"href":"https:\/\/muycritico.com.ar\/web\/index.php?rest_route=\/wp\/v2\/posts"}],"about":[{"href":"https:\/\/muycritico.com.ar\/web\/index.php?rest_route=\/wp\/v2\/types\/post"}],"author":[{"embeddable":true,"href":"https:\/\/muycritico.com.ar\/web\/index.php?rest_route=\/wp\/v2\/users\/2"}],"replies":[{"embeddable":true,"href":"https:\/\/muycritico.com.ar\/web\/index.php?rest_route=%2Fwp%2Fv2%2Fcomments&post=11853"}],"version-history":[{"count":4,"href":"https:\/\/muycritico.com.ar\/web\/index.php?rest_route=\/wp\/v2\/posts\/11853\/revisions"}],"predecessor-version":[{"id":11860,"href":"https:\/\/muycritico.com.ar\/web\/index.php?rest_route=\/wp\/v2\/posts\/11853\/revisions\/11860"}],"wp:featuredmedia":[{"embeddable":true,"href":"https:\/\/muycritico.com.ar\/web\/index.php?rest_route=\/wp\/v2\/media\/11204"}],"wp:attachment":[{"href":"https:\/\/muycritico.com.ar\/web\/index.php?rest_route=%2Fwp%2Fv2%2Fmedia&parent=11853"}],"wp:term":[{"taxonomy":"category","embeddable":true,"href":"https:\/\/muycritico.com.ar\/web\/index.php?rest_route=%2Fwp%2Fv2%2Fcategories&post=11853"},{"taxonomy":"post_tag","embeddable":true,"href":"https:\/\/muycritico.com.ar\/web\/index.php?rest_route=%2Fwp%2Fv2%2Ftags&post=11853"}],"curies":[{"name":"wp","href":"https:\/\/api.w.org\/{rel}","templated":true}]}}