{"id":11850,"date":"2025-12-14T15:04:01","date_gmt":"2025-12-14T18:04:01","guid":{"rendered":"https:\/\/muycritico.com.ar\/web\/?p=11850"},"modified":"2026-01-18T19:03:39","modified_gmt":"2026-01-18T22:03:39","slug":"gran-convocatoria-en-el-primer-dia-de-la-expo-ciudad-en-el-centro-de-convenciones","status":"publish","type":"post","link":"https:\/\/muycritico.com.ar\/web\/?p=11850","title":{"rendered":"GRAN CONVOCATORIA EN EL PRIMER D\u00cdA DE LA EXPO CIUDAD EN EL CENTRO DE CONVENCIONES"},"content":{"rendered":"<p><strong>El evento comenz\u00f3 hoy con una masiva concurrencia de vecinos que disfrutaron de propuestas comerciales, culturales y accedieron a servicios municipales. Ma\u00f1ana domingo 14, de 11 a 00, contin\u00faa con una amplia agenda de actividades y espect\u00e1culos en vivo.<\/strong><\/p>\n<p><!--more--><\/p>\n<p>Este s\u00e1bado se puso en marcha con gran \u00e9xito la Expo Ciudad en el Centro de Convenciones, en una primera jornada que cont\u00f3 con una destacada respuesta del p\u00fablico y una amplia participaci\u00f3n de emprendedores, empresas y artistas locales.<\/p>\n<p>Durante el primer d\u00eda, los asistentes recorrieron los stands de m\u00e1s de 400 emprendedores y m\u00e1s de 170 empresas, adem\u00e1s de disfrutar del patio gastron\u00f3mico, la plaza tur\u00edstica, juegos y actividades recreativas para toda la familia. Tambi\u00e9n estuvo presente \u00abEl Mercado en tu Barrio\u00bb, ofreciendo productos de calidad a precios accesibles.<\/p>\n<p>En materia de servicios, la Municipalidad dispuso espacios de atenci\u00f3n para los vecinos, entre ellos el M\u00f3vil de Licencias de Conducir, que funcion\u00f3 con atenci\u00f3n por orden de llegada, y el Centro de Adopciones, que promovi\u00f3 la adopci\u00f3n responsable de animales, acercando esta pol\u00edtica p\u00fablica a la comunidad en el marco del evento.<\/p>\n<p>\u201cEstamos presentes con el m\u00f3vil de licencias de conducir, acercando este tr\u00e1mite a los vecinos en un espacio con much\u00edsima convocatoria. La idea es facilitar y descentralizar el servicio, permitiendo que quienes se acercan a disfrutar de la Expo puedan tambi\u00e9n iniciar, renovar o asesorarse sobre su licencia. En esta primera jornada tuvimos una gran respuesta, m\u00e1s de 500 vecinos pasaron por el m\u00f3vil entre tr\u00e1mites iniciados y consultas. Ma\u00f1ana continuamos brindando atenci\u00f3n de 14.30 a 19.30 horas\u00bb, afirm\u00f3 el subsecretario de Modernizaci\u00f3n y Gesti\u00f3n Operativa de la Secretar\u00eda de Tr\u00e1nsito y Seguridad, Napole\u00f3n Gambetta.<\/p>\n<p>Sobre la plaza tur\u00edstica, el coordinador del Ente de Turismo, Fernando Garc\u00eda Soria, indic\u00f3: \u201cEstamos viviendo una verdadera fiesta. La repercusi\u00f3n fue muy positiva, con la participaci\u00f3n de m\u00e1s de 20 municipios, la provincia de Jujuy y el Ministerio de Turismo y Deportes, mostrando y promocionando las propuestas para la pr\u00f3xima temporada de verano. Hay manifestaciones art\u00edsticas, actividades para toda la familia y un gran acompa\u00f1amiento del p\u00fablico, lo que nos deja muy contentos y con grandes expectativas para ma\u00f1ana.\u201d<\/p>\n<p>La jornada estuvo acompa\u00f1ada por una variada grilla art\u00edstica, con las presentaciones de Viento Andino, DJ El Rey del VST, La Huella, La Yapa, El Teclado del Zurdo y el DJ Emi Brandan (sunset), que animaron el encuentro a lo largo de la tarde y la noche. Adem\u00e1s se realiz\u00f3 una presentaci\u00f3n de jazz.<\/p>\n<p>La Expo Ciudad continuar\u00e1 ma\u00f1ana domingo, de 11 a 00, con nuevas propuestas culturales y musicales. En el escenario se presentar\u00e1n DJ El Rey del VST, Carlitos Melian, La Jura Folk, La 387 , Toco y Me Voy, y los DJs Tefi y Checho Balderrama (sunset) adem\u00e1s de mantenerse activos los espacios gastron\u00f3micos, comerciales y los servicios municipales.<\/p>\n<p><iframe loading=\"lazy\" title=\"Gran convocatoria en el primer d\u00eda de la Expo Ciudad en el Centro de Convenciones\" width=\"696\" height=\"392\" src=\"https:\/\/www.youtube.com\/embed\/uwds3LGdrTA?feature=oembed\" frameborder=\"0\" allow=\"accelerometer; autoplay; clipboard-write; encrypted-media; gyroscope; picture-in-picture; web-share\" referrerpolicy=\"strict-origin-when-cross-origin\" allowfullscreen><\/iframe><\/p>\n","protected":false},"excerpt":{"rendered":"<p>El evento comenz\u00f3 hoy con una masiva concurrencia de vecinos que disfrutaron de propuestas comerciales, culturales y accedieron a servicios municipales. Ma\u00f1ana domingo 14, de 11 a 00, contin\u00faa con una amplia agenda de actividades y espect\u00e1culos en vivo.<\/p>\n","protected":false},"author":2,"featured_media":11851,"comment_status":"open","ping_status":"closed","sticky":false,"template":"","format":"standard","meta":{"footnotes":""},"categories":[6],"tags":[872],"class_list":["post-11850","post","type-post","status-publish","format-standard","has-post-thumbnail","hentry","category-notas","tag-victor-sacca"],"_links":{"self":[{"href":"https:\/\/muycritico.com.ar\/web\/index.php?rest_route=\/wp\/v2\/posts\/11850","targetHints":{"allow":["GET"]}}],"collection":[{"href":"https:\/\/muycritico.com.ar\/web\/index.php?rest_route=\/wp\/v2\/posts"}],"about":[{"href":"https:\/\/muycritico.com.ar\/web\/index.php?rest_route=\/wp\/v2\/types\/post"}],"author":[{"embeddable":true,"href":"https:\/\/muycritico.com.ar\/web\/index.php?rest_route=\/wp\/v2\/users\/2"}],"replies":[{"embeddable":true,"href":"https:\/\/muycritico.com.ar\/web\/index.php?rest_route=%2Fwp%2Fv2%2Fcomments&post=11850"}],"version-history":[{"count":1,"href":"https:\/\/muycritico.com.ar\/web\/index.php?rest_route=\/wp\/v2\/posts\/11850\/revisions"}],"predecessor-version":[{"id":11852,"href":"https:\/\/muycritico.com.ar\/web\/index.php?rest_route=\/wp\/v2\/posts\/11850\/revisions\/11852"}],"wp:featuredmedia":[{"embeddable":true,"href":"https:\/\/muycritico.com.ar\/web\/index.php?rest_route=\/wp\/v2\/media\/11851"}],"wp:attachment":[{"href":"https:\/\/muycritico.com.ar\/web\/index.php?rest_route=%2Fwp%2Fv2%2Fmedia&parent=11850"}],"wp:term":[{"taxonomy":"category","embeddable":true,"href":"https:\/\/muycritico.com.ar\/web\/index.php?rest_route=%2Fwp%2Fv2%2Fcategories&post=11850"},{"taxonomy":"post_tag","embeddable":true,"href":"https:\/\/muycritico.com.ar\/web\/index.php?rest_route=%2Fwp%2Fv2%2Ftags&post=11850"}],"curies":[{"name":"wp","href":"https:\/\/api.w.org\/{rel}","templated":true}]}}