{"id":11846,"date":"2025-12-14T14:31:30","date_gmt":"2025-12-14T17:31:30","guid":{"rendered":"https:\/\/muycritico.com.ar\/web\/?p=11846"},"modified":"2026-01-18T19:03:39","modified_gmt":"2026-01-18T22:03:39","slug":"avanza-la-obra-del-laboratorio-de-aguas-y-efluentes","status":"publish","type":"post","link":"https:\/\/muycritico.com.ar\/web\/?p=11846","title":{"rendered":"AVANZA LA OBRA DEL LABORATORIO DE AGUAS Y EFLUENTES"},"content":{"rendered":"<p><strong>El Ente Regulador de los Servicios P\u00fablicos inform\u00f3 que contin\u00faa el avance de la obra civil del nuevo Laboratorio de An\u00e1lisis de Agua y Efluentes, que se construye en la zona norte de la ciudad de Salta y que ser\u00e1 una infraestructura clave para fortalecer las tareas de control sanitario en toda la provincia.<\/strong><\/p>\n<p><!--more--><\/p>\n<p>En la jornada de hoy, equipos t\u00e9cnicos de la Gerencia de Agua Potable y Saneamiento realizaron una revisi\u00f3n en el predio donde se constat\u00f3 el progreso de los trabajos, particularmente el montaje y estado de las vigas de acero que ser\u00e1n izadas para sostener la estructura del techo. Esta etapa representa un hito relevante dentro del proceso de construcci\u00f3n.<\/p>\n<p>Los profesionales destacaron la importancia que tendr\u00e1 el laboratorio una vez finalizado, ya que permitir\u00e1 realizar an\u00e1lisis de agua potable y efluentes con equipamiento de \u00faltima generaci\u00f3n, convirti\u00e9ndose en un espacio de referencia para todo el NOA. La infraestructura permitir\u00e1 mejorar la capacidad de control, agilizar los informes t\u00e9cnicos y fortalecer la transparencia en la fiscalizaci\u00f3n de los servicios sanitarios.<\/p>\n<p>El Ente Regulador contin\u00faa ejecutando esta obra estrat\u00e9gica con el objetivo de elevar los est\u00e1ndares de calidad, ofrecer mayor seguridad a los usuarios y acompa\u00f1ar el desarrollo productivo y social de la provincia mediante un control m\u00e1s eficiente de los recursos h\u00eddricos.<\/p>\n<p><img loading=\"lazy\" decoding=\"async\" class=\"aligncenter size-full wp-image-11848\" src=\"https:\/\/muycritico.com.ar\/web\/wp-content\/uploads\/2025\/12\/ente-obra2.jpg\" alt=\"\" width=\"1440\" height=\"960\" srcset=\"https:\/\/muycritico.com.ar\/web\/wp-content\/uploads\/2025\/12\/ente-obra2.jpg 1440w, https:\/\/muycritico.com.ar\/web\/wp-content\/uploads\/2025\/12\/ente-obra2-768x512.jpg 768w\" sizes=\"auto, (max-width: 1440px) 100vw, 1440px\" \/><\/p>\n","protected":false},"excerpt":{"rendered":"<p>El Ente Regulador de los Servicios P\u00fablicos inform\u00f3 que contin\u00faa el avance de la obra civil del nuevo Laboratorio de An\u00e1lisis de Agua y Efluentes, que se construye en la zona norte de la ciudad de Salta y que ser\u00e1 una infraestructura clave para fortalecer las tareas de control sanitario en toda la provincia.<\/p>\n","protected":false},"author":2,"featured_media":11847,"comment_status":"open","ping_status":"closed","sticky":false,"template":"","format":"standard","meta":{"footnotes":""},"categories":[6],"tags":[872],"class_list":["post-11846","post","type-post","status-publish","format-standard","has-post-thumbnail","hentry","category-notas","tag-victor-sacca"],"_links":{"self":[{"href":"https:\/\/muycritico.com.ar\/web\/index.php?rest_route=\/wp\/v2\/posts\/11846","targetHints":{"allow":["GET"]}}],"collection":[{"href":"https:\/\/muycritico.com.ar\/web\/index.php?rest_route=\/wp\/v2\/posts"}],"about":[{"href":"https:\/\/muycritico.com.ar\/web\/index.php?rest_route=\/wp\/v2\/types\/post"}],"author":[{"embeddable":true,"href":"https:\/\/muycritico.com.ar\/web\/index.php?rest_route=\/wp\/v2\/users\/2"}],"replies":[{"embeddable":true,"href":"https:\/\/muycritico.com.ar\/web\/index.php?rest_route=%2Fwp%2Fv2%2Fcomments&post=11846"}],"version-history":[{"count":1,"href":"https:\/\/muycritico.com.ar\/web\/index.php?rest_route=\/wp\/v2\/posts\/11846\/revisions"}],"predecessor-version":[{"id":11849,"href":"https:\/\/muycritico.com.ar\/web\/index.php?rest_route=\/wp\/v2\/posts\/11846\/revisions\/11849"}],"wp:featuredmedia":[{"embeddable":true,"href":"https:\/\/muycritico.com.ar\/web\/index.php?rest_route=\/wp\/v2\/media\/11847"}],"wp:attachment":[{"href":"https:\/\/muycritico.com.ar\/web\/index.php?rest_route=%2Fwp%2Fv2%2Fmedia&parent=11846"}],"wp:term":[{"taxonomy":"category","embeddable":true,"href":"https:\/\/muycritico.com.ar\/web\/index.php?rest_route=%2Fwp%2Fv2%2Fcategories&post=11846"},{"taxonomy":"post_tag","embeddable":true,"href":"https:\/\/muycritico.com.ar\/web\/index.php?rest_route=%2Fwp%2Fv2%2Ftags&post=11846"}],"curies":[{"name":"wp","href":"https:\/\/api.w.org\/{rel}","templated":true}]}}