{"id":11838,"date":"2025-12-14T14:11:45","date_gmt":"2025-12-14T17:11:45","guid":{"rendered":"https:\/\/muycritico.com.ar\/web\/?p=11838"},"modified":"2026-01-18T19:03:39","modified_gmt":"2026-01-18T22:03:39","slug":"masacre-del-pabellon-septimo-condenas-de-25-anos-para-dos-expenitenciarios-por-el-incendio-en-el-que-murieron-65-detenidos-en-el-penal-de-devoto-en-1978","status":"publish","type":"post","link":"https:\/\/muycritico.com.ar\/web\/?p=11838","title":{"rendered":"\u201cMASACRE DEL PABELL\u00d3N S\u00c9PTIMO\u201d: CONDENAS DE 25 A\u00d1OS PARA DOS EXPENITENCIARIOS POR EL INCENDIO EN EL QUE MURIERON 65 DETENIDOS EN EL PENAL DE DEVOTO EN 1978"},"content":{"rendered":"<p><strong>Los hechos abordados en el juicio fueron declarados por el tribunal como graves violaciones a los derechos humanos. Los condenados fueron el exdirector de la unidad, Juan Carlos Ruiz, y el exjefe de seguridad interna, Horacio Mart\u00edn Gal\u00edndez. Un tercer acusado fue absuelto. En su alegato, el fiscal hab\u00eda se\u00f1alado que los hechos juzgados expresan dos dimensiones de violencia, la dictatorial y la carcelaria.<\/strong><\/p>\n<p><!--more--><\/p>\n<p>El Tribunal Oral en lo Criminal Federal (TOF) N\u00b05 de la Capital Federal conden\u00f3 ayer a 25 a\u00f1os de prisi\u00f3n a dos de los tres expenitenciarios que fueron juzgados por la denominada \u201cMasacre del Pabell\u00f3n S\u00e9ptimo\u201d, ocurrida en 1978 en la que 153 detenidos fueron sometidos a tormentos y 65 de ellos murieron como resultado de la represi\u00f3n violenta y el incendio que se produjo en consecuencia en la Unidad Penitenciaria N\u00b02 de Devoto. La pena para los condenados es la misma que hab\u00edan solicitado en sus alegatos el titular de la Fiscal\u00eda General N\u00b02 ante los TOF, Abel C\u00f3rdoba, y la querella que representa a sobrevivientes y familiares.<\/p>\n<p>El tribunal, integrado por los jueces Nicol\u00e1s Toselli (presidente) y Daniel Obligado y la jueza Adriana Palliotti, impuso las condenas para el exdirector del Instituto de Detenci\u00f3n de Devoto, Juan Carlos Ruiz, de 93 a\u00f1os, y para el exjefe de la Divisi\u00f3n Seguridad Interna, Horacio Mart\u00edn Gal\u00edndez, de 92 a\u00f1os.<\/p>\n<p>Ambos fueron condenados en calidad de coautores funcionales del delito de imposici\u00f3n de tormentos reiterados en 88 oportunidades y tormentos seguidos de muerte reiterados en 65 oportunidades, que concurren materialmente entre s\u00ed.<\/p>\n<p>En tanto, el tercer imputado que hab\u00eda llegado a juicio, el excelador Gregorio Bernardo Zerda (74), -para quien la fiscal\u00eda hab\u00eda solicitado la pena de 22 a\u00f1os de prisi\u00f3n por el mismo delito-, fue absuelto.<\/p>\n<p>En su resoluci\u00f3n, el tribunal declar\u00f3 que los hechos abordados en el juicio son graves violaciones a los derechos humanos y en consecuencia rechaz\u00f3 el planteo de extinci\u00f3n de la acci\u00f3n penal por prescripci\u00f3n planteado por la defensa.<\/p>\n<p>Adem\u00e1s del fiscal general C\u00f3rdoba, durante el juicio tambi\u00e9n intervinieron en representaci\u00f3n del Ministerio P\u00fablico Fiscal, las auxiliares fiscales Mar\u00eda Laura Grigera, Viviana S\u00e1nchez y Mara L\u00f3pez Legaspi. El tribunal inform\u00f3 que el pr\u00f3ximo 16 de marzo de 2026 se conocer\u00e1n los fundamentos de la resoluci\u00f3n.<\/p>\n<p><img loading=\"lazy\" decoding=\"async\" class=\"aligncenter size-full wp-image-11840\" src=\"https:\/\/muycritico.com.ar\/web\/wp-content\/uploads\/2025\/12\/PABELLON-SEPTIMO2.jpg\" alt=\"\" width=\"921\" height=\"614\" srcset=\"https:\/\/muycritico.com.ar\/web\/wp-content\/uploads\/2025\/12\/PABELLON-SEPTIMO2.jpg 921w, https:\/\/muycritico.com.ar\/web\/wp-content\/uploads\/2025\/12\/PABELLON-SEPTIMO2-768x512.jpg 768w\" sizes=\"auto, (max-width: 921px) 100vw, 921px\" \/><\/p>\n<p>\u00daltimas palabras y rechazo a planteo de la defensa<\/p>\n<p>El \u00faltimo d\u00eda del juicio abri\u00f3 con la audiencia en la que el fiscal C\u00f3rdoba contest\u00f3 un planteo de la defensa de Ruiz respecto a la violaci\u00f3n de principio de congruencia, y solicit\u00f3 su rechazo, decisi\u00f3n que finalmente adopt\u00f3 el Tribunal.<\/p>\n<p>A continuaci\u00f3n, antes de conocerse su absoluci\u00f3n, Zerda fue el \u00fanico de los acusados que hizo uso de las palabras finales ante el tribual. En este marco, hizo un relato de su historia familiar y asegur\u00f3 que tuvo una buena formaci\u00f3n en el Servicio Penitenciario Federal y que s\u00f3lo cumpli\u00f3 \u00f3rdenes.<\/p>\n<p>La acusaci\u00f3n fiscal<\/p>\n<p>En su alegato -que se inici\u00f3 el 15 de octubre pasado y se extendi\u00f3 durante tres audiencias-, los representantes del MPF detallaron las circunstancias de la represi\u00f3n y el incendio provocados el 14 de marzo de 1978 en el\u00a0 Pabell\u00f3n 7mo. de ese penal federal situado en el barrio porte\u00f1o de Villa Devoto, y analiz\u00f3 tanto las responsabilidades de los acusados como la actuaci\u00f3n de las agencias estatales en el caso, tanto militares como judiciales hasta llegar a este juicio.<\/p>\n<p>La fiscal\u00eda calific\u00f3 los hechos como cr\u00edmenes contra la humanidad de acuerdo a los requisitos del art\u00edculo 7 del Estatuto de Roma. Analiz\u00f3 que el contexto hist\u00f3rico es definitorio en ese an\u00e1lisis, al igual que la adscripci\u00f3n de los imputados al plan criminal en curso en la \u00e9poca. Tambi\u00e9n puntualiz\u00f3 que para esa calificaci\u00f3n prima la conducta de los acusados y no la condici\u00f3n de \u201cpresos comunes\u201d de los detenidos.<\/p>\n<p>El juicio hab\u00eda comenzado en octubre de 2024 y al mes siguiente el tribunal y las partes y algunos testigos participaron de una inspecci\u00f3n ocular en el penal, donde dos de los sobrevivientes reconocieron los sitios donde ocurrieron los hechos.<\/p>\n","protected":false},"excerpt":{"rendered":"<p>Los hechos abordados en el juicio fueron declarados por el tribunal como graves violaciones a los derechos humanos. Los condenados fueron el exdirector de la unidad, Juan Carlos Ruiz, y el exjefe de seguridad interna, Horacio Mart\u00edn Gal\u00edndez. Un tercer acusado fue absuelto. En su alegato, el fiscal hab\u00eda se\u00f1alado que los hechos juzgados expresan [&hellip;]<\/p>\n","protected":false},"author":2,"featured_media":11839,"comment_status":"open","ping_status":"closed","sticky":false,"template":"","format":"standard","meta":{"footnotes":""},"categories":[6],"tags":[872],"class_list":["post-11838","post","type-post","status-publish","format-standard","has-post-thumbnail","hentry","category-notas","tag-victor-sacca"],"_links":{"self":[{"href":"https:\/\/muycritico.com.ar\/web\/index.php?rest_route=\/wp\/v2\/posts\/11838","targetHints":{"allow":["GET"]}}],"collection":[{"href":"https:\/\/muycritico.com.ar\/web\/index.php?rest_route=\/wp\/v2\/posts"}],"about":[{"href":"https:\/\/muycritico.com.ar\/web\/index.php?rest_route=\/wp\/v2\/types\/post"}],"author":[{"embeddable":true,"href":"https:\/\/muycritico.com.ar\/web\/index.php?rest_route=\/wp\/v2\/users\/2"}],"replies":[{"embeddable":true,"href":"https:\/\/muycritico.com.ar\/web\/index.php?rest_route=%2Fwp%2Fv2%2Fcomments&post=11838"}],"version-history":[{"count":1,"href":"https:\/\/muycritico.com.ar\/web\/index.php?rest_route=\/wp\/v2\/posts\/11838\/revisions"}],"predecessor-version":[{"id":11841,"href":"https:\/\/muycritico.com.ar\/web\/index.php?rest_route=\/wp\/v2\/posts\/11838\/revisions\/11841"}],"wp:featuredmedia":[{"embeddable":true,"href":"https:\/\/muycritico.com.ar\/web\/index.php?rest_route=\/wp\/v2\/media\/11839"}],"wp:attachment":[{"href":"https:\/\/muycritico.com.ar\/web\/index.php?rest_route=%2Fwp%2Fv2%2Fmedia&parent=11838"}],"wp:term":[{"taxonomy":"category","embeddable":true,"href":"https:\/\/muycritico.com.ar\/web\/index.php?rest_route=%2Fwp%2Fv2%2Fcategories&post=11838"},{"taxonomy":"post_tag","embeddable":true,"href":"https:\/\/muycritico.com.ar\/web\/index.php?rest_route=%2Fwp%2Fv2%2Ftags&post=11838"}],"curies":[{"name":"wp","href":"https:\/\/api.w.org\/{rel}","templated":true}]}}