{"id":11835,"date":"2025-12-14T13:58:58","date_gmt":"2025-12-14T16:58:58","guid":{"rendered":"https:\/\/muycritico.com.ar\/web\/?p=11835"},"modified":"2026-01-18T15:32:30","modified_gmt":"2026-01-18T18:32:30","slug":"hector-alterio-1929-2023-el-rostro-sofisticado-y-profundo-del-cine-argentino-que-conquisto-al-mundo","status":"publish","type":"post","link":"https:\/\/muycritico.com.ar\/web\/?p=11835","title":{"rendered":"H\u00c9CTOR ALTERIO (1929-2023): EL ROSTRO SOFISTICADO Y PROFUNDO DEL CINE ARGENTINO QUE CONQUIST\u00d3 AL MUNDO"},"content":{"rendered":"<p><strong>Con la partida de H\u00e9ctor Alterio a los 94 a\u00f1os, desaparece una de las columnas vertebrales del cine y el teatro argentino e iberoamericano. Un actor de una elegancia interpretativa exquisita, due\u00f1o de una mirada que pod\u00eda transitar de la ternura m\u00e1s conmovedora a la frialdad m\u00e1s inquietante, y cuya carrera qued\u00f3 indisolublemente ligada a un hito cinematogr\u00e1fico: ser el rostro masculino de La Historia Oficial, la pel\u00edcula que llev\u00f3 a Argentina a ganar su primer \u00d3scar a Mejor Pel\u00edcula Internacional.<\/strong><\/p>\n<p><!--more--><\/p>\n<p>Nacido en Buenos Aires en 1929, Alterio forj\u00f3 su arte en las tablas, formando parte de la m\u00edtica generaci\u00f3n del Teatro Independiente. Su figura delgada, su voz grave y modulada, y su capacidad para dotar de una humanidad compleja a cada personaje, lo convirtieron en un referente ineludible desde los a\u00f1os 60. Trabaj\u00f3 con los directores m\u00e1s relevantes del pa\u00eds, como Leopoldo Torre Nilsson, en films como La maffia (1972), y supo encarnar como pocos a hombres de clase media, intelectuales, padres de familia y, m\u00e1s tarde, figuras de autoridad con claroscuros profundos.<\/p>\n<p>Sin embargo, fue su asociaci\u00f3n art\u00edstica con el director Luis Puenzo la que lo proyect\u00f3 a la historia. En La Historia Oficial (1985), Alterio encarn\u00f3 a Roberto, el esposo de Alicia (brillantemente interpretada por Norma Aleandro). Un empresario exitoso, un padre amoroso, un hombre del establishment que oculta un pasado terrible. Alterio construy\u00f3 un personaje monumental en su ambig\u00fcedad: no era un villano caricaturesco, sino un producto silencioso y c\u00f3mplice de la dictadura.<\/p>\n<p>Su actuaci\u00f3n, contenida y llena de matices, fue el contrapunto perfecto y desgarrador al viaje de conciencia de su mujer. Cuando la pel\u00edcula gan\u00f3 el \u00d3scar en 1986, fue la cara de H\u00e9ctor Alterio, junto a la de Norma Aleandro, la que millones de argentinos vieron iluminarse en la pantalla, convirti\u00e9ndose en el s\u00edmbolo vivo de un logro colectivo que trascend\u00eda el cine para hablar de memoria y verdad.<\/p>\n<p>Su talento nunca conoci\u00f3 fronteras. El exilio durante la \u00faltima dictadura militar lo llev\u00f3 a Espa\u00f1a, donde desarroll\u00f3 una carrera paralela y prol\u00edfica, convirti\u00e9ndose en un actor querido y respetado. Trabaj\u00f3 con directores de la talla de Pedro Almod\u00f3var (\u00bfQu\u00e9 he hecho yo para merecer esto?, Carne tr\u00e9mula), Manuel Guti\u00e9rrez Arag\u00f3n y Fernando Trueba, demostrando una versatilidad asombrosa. Tambi\u00e9n dej\u00f3 su marca en el cine italiano y en producciones internacionales.<\/p>\n<p>Pero siempre volv\u00eda a casa. En Argentina, su legado es una filmograf\u00eda de m\u00e1s de 100 pel\u00edculas donde destacan t\u00edtulos como El santo de la espada, La noche de los l\u00e1pices, Un lugar en el mundo, El hijo de la novia (donde comparti\u00f3 escena con su hijo, el tambi\u00e9n actor Ernesto Alterio) y Cenizas del para\u00edso. En el teatro, hasta bien entrada su novena d\u00e9cada, segu\u00eda siendo un maestro, una presencia magn\u00e9tica que comandaba el escenario con una autoridad serena.<\/p>\n<p>H\u00e9ctor Alterio no fue un actor de estridencias, sino de profundidades. Cada gesto, cada pausa, cada l\u00ednea entregada con esa voz inconfundible, estaba cargada de intenci\u00f3n y verdad. Fue el int\u00e9rprete que supo darle rostro a la complejidad moral, a la historia dolorosa y al triunfo art\u00edstico de un pa\u00eds.<\/p>\n<p>Hoy se apaga uno de los faros m\u00e1s luminosos de la actuaci\u00f3n en espa\u00f1ol. Deja un vac\u00edo inmenso en el escenario y en la pantalla, pero su obra perdura: un testimonio de talento, dignidad y esa rara cualidad que s\u00f3lo poseen los grandes: hacer que la actuaci\u00f3n se sienta no como un oficio, sino como una verdad revelada.<\/p>\n","protected":false},"excerpt":{"rendered":"<p>Con la partida de H\u00e9ctor Alterio a los 94 a\u00f1os, desaparece una de las columnas vertebrales del cine y el teatro argentino e iberoamericano. Un actor de una elegancia interpretativa exquisita, due\u00f1o de una mirada que pod\u00eda transitar de la ternura m\u00e1s conmovedora a la frialdad m\u00e1s inquietante, y cuya carrera qued\u00f3 indisolublemente ligada a [&hellip;]<\/p>\n","protected":false},"author":2,"featured_media":11836,"comment_status":"open","ping_status":"closed","sticky":false,"template":"","format":"standard","meta":{"footnotes":""},"categories":[8],"tags":[1315,872],"class_list":["post-11835","post","type-post","status-publish","format-standard","has-post-thumbnail","hentry","category-cultura","tag-hector-alterio","tag-victor-sacca"],"_links":{"self":[{"href":"https:\/\/muycritico.com.ar\/web\/index.php?rest_route=\/wp\/v2\/posts\/11835","targetHints":{"allow":["GET"]}}],"collection":[{"href":"https:\/\/muycritico.com.ar\/web\/index.php?rest_route=\/wp\/v2\/posts"}],"about":[{"href":"https:\/\/muycritico.com.ar\/web\/index.php?rest_route=\/wp\/v2\/types\/post"}],"author":[{"embeddable":true,"href":"https:\/\/muycritico.com.ar\/web\/index.php?rest_route=\/wp\/v2\/users\/2"}],"replies":[{"embeddable":true,"href":"https:\/\/muycritico.com.ar\/web\/index.php?rest_route=%2Fwp%2Fv2%2Fcomments&post=11835"}],"version-history":[{"count":1,"href":"https:\/\/muycritico.com.ar\/web\/index.php?rest_route=\/wp\/v2\/posts\/11835\/revisions"}],"predecessor-version":[{"id":11837,"href":"https:\/\/muycritico.com.ar\/web\/index.php?rest_route=\/wp\/v2\/posts\/11835\/revisions\/11837"}],"wp:featuredmedia":[{"embeddable":true,"href":"https:\/\/muycritico.com.ar\/web\/index.php?rest_route=\/wp\/v2\/media\/11836"}],"wp:attachment":[{"href":"https:\/\/muycritico.com.ar\/web\/index.php?rest_route=%2Fwp%2Fv2%2Fmedia&parent=11835"}],"wp:term":[{"taxonomy":"category","embeddable":true,"href":"https:\/\/muycritico.com.ar\/web\/index.php?rest_route=%2Fwp%2Fv2%2Fcategories&post=11835"},{"taxonomy":"post_tag","embeddable":true,"href":"https:\/\/muycritico.com.ar\/web\/index.php?rest_route=%2Fwp%2Fv2%2Ftags&post=11835"}],"curies":[{"name":"wp","href":"https:\/\/api.w.org\/{rel}","templated":true}]}}