{"id":11832,"date":"2025-12-13T18:06:54","date_gmt":"2025-12-13T21:06:54","guid":{"rendered":"https:\/\/muycritico.com.ar\/web\/?p=11832"},"modified":"2026-01-18T19:29:29","modified_gmt":"2026-01-18T22:29:29","slug":"vuelve-la-expo-ciudad-con-variedad-de-propuestas-para-toda-la-familia","status":"publish","type":"post","link":"https:\/\/muycritico.com.ar\/web\/?p=11832","title":{"rendered":"VUELVE LA EXPO CIUDAD CON VARIEDAD DE PROPUESTAS PARA TODA LA FAMILIA"},"content":{"rendered":"<p><strong>S\u00e1bado 13 y domingo 14, de 11 a 00 horas, el Centro de Convenciones ser\u00e1 sede de esta gran propuesta, con m\u00e1s de 400 emprendedores, 170 empresas, plaza tur\u00edstica, patio gastron\u00f3mico, juegos, artistas locales, DJs y la presencia de &#8220;El Mercado en tu Barrio&#8221;.<\/strong><\/p>\n<p><!--more--><\/p>\n<p>La Municipalidad de Salta presenta este fin de semana una nueva edici\u00f3n de la Expo Ciudad, un espacio que re\u00fane a emprendedores, empresas, turismo, gastronom\u00eda y espect\u00e1culos en el Centro de Convenciones de Limache, ma\u00f1ana s\u00e1bado 13 y el domingo 14, de 11 a 00 horas.<\/p>\n<p>En esta tercera edici\u00f3n participan m\u00e1s de 400 emprendedores y m\u00e1s de 170 empresas, que exhibir\u00e1n sus productos, servicios y creaciones. Adem\u00e1s, habr\u00e1 promociones con tarjetas bancarias, incluyendo cuotas sin inter\u00e9s con tarjetas Naranja y del Banco Macro.<\/p>\n<p>La secretaria de Turismo, Deportes y Cultura, Agustina Agolio, destac\u00f3 que el evento vuelve renovado, incorporando propuestas para toda la familia.<\/p>\n<p>\u201cEstamos finalizando el armado de esta tercera edici\u00f3n, donde ya se est\u00e1n instalando empresas y emprendedores. Van a poder encontrar desde automotrices hasta productos que salen de nuestra f\u00e1brica municipal: marroquiner\u00eda, panader\u00eda, instrumentos y muchas creaciones hechas por salte\u00f1os. Tambi\u00e9n habr\u00e1 una plaza tur\u00edstica con la oferta del interior de nuestra provincia, un patio gastron\u00f3mico mejorado y un sunset con m\u00fasica durante toda la tarde, adem\u00e1s de un escenario con folclore y cumbia\u201d, se\u00f1al\u00f3.<\/p>\n<p>Agolio invit\u00f3 a los vecinos a disfrutar todo el d\u00eda, con mate, en familia o con amigos, y destac\u00f3 que estar\u00e1 presente \u00abEl Mercado en tu Barrio\u00bb, ideal para adelantar compras navide\u00f1as.<\/p>\n<p>La Escuela de Emprendedores y la F\u00e1brica Municipal tambi\u00e9n tendr\u00e1n un espacio destacado en la exposici\u00f3n.<\/p>\n<p>Anah\u00ed Viveros, emprendedora de marroquiner\u00eda e indumentaria canina, celebr\u00f3 la oportunidad: \u201cEs una oportunidad muy linda para mostrar lo que hacemos y para que m\u00e1s chicos que est\u00e1n aprendiendo oficios puedan tener su propio espacio gracias a la f\u00e1brica municipal\u201d.<\/p>\n<p><iframe loading=\"lazy\" title=\"Vuelve la Expo Ciudad con variedad de propuestas para toda la familia\" width=\"696\" height=\"392\" src=\"https:\/\/www.youtube.com\/embed\/rOSyZ-9Vj4Y?feature=oembed\" frameborder=\"0\" allow=\"accelerometer; autoplay; clipboard-write; encrypted-media; gyroscope; picture-in-picture; web-share\" referrerpolicy=\"strict-origin-when-cross-origin\" allowfullscreen><\/iframe><\/p>\n","protected":false},"excerpt":{"rendered":"<p>S\u00e1bado 13 y domingo 14, de 11 a 00 horas, el Centro de Convenciones ser\u00e1 sede de esta gran propuesta, con m\u00e1s de 400 emprendedores, 170 empresas, plaza tur\u00edstica, patio gastron\u00f3mico, juegos, artistas locales, DJs y la presencia de &#8220;El Mercado en tu Barrio&#8221;.<\/p>\n","protected":false},"author":2,"featured_media":11833,"comment_status":"open","ping_status":"closed","sticky":false,"template":"","format":"standard","meta":{"footnotes":""},"categories":[1],"tags":[872],"class_list":["post-11832","post","type-post","status-publish","format-standard","has-post-thumbnail","hentry","category-sin-categoria","tag-victor-sacca"],"_links":{"self":[{"href":"https:\/\/muycritico.com.ar\/web\/index.php?rest_route=\/wp\/v2\/posts\/11832","targetHints":{"allow":["GET"]}}],"collection":[{"href":"https:\/\/muycritico.com.ar\/web\/index.php?rest_route=\/wp\/v2\/posts"}],"about":[{"href":"https:\/\/muycritico.com.ar\/web\/index.php?rest_route=\/wp\/v2\/types\/post"}],"author":[{"embeddable":true,"href":"https:\/\/muycritico.com.ar\/web\/index.php?rest_route=\/wp\/v2\/users\/2"}],"replies":[{"embeddable":true,"href":"https:\/\/muycritico.com.ar\/web\/index.php?rest_route=%2Fwp%2Fv2%2Fcomments&post=11832"}],"version-history":[{"count":1,"href":"https:\/\/muycritico.com.ar\/web\/index.php?rest_route=\/wp\/v2\/posts\/11832\/revisions"}],"predecessor-version":[{"id":11834,"href":"https:\/\/muycritico.com.ar\/web\/index.php?rest_route=\/wp\/v2\/posts\/11832\/revisions\/11834"}],"wp:featuredmedia":[{"embeddable":true,"href":"https:\/\/muycritico.com.ar\/web\/index.php?rest_route=\/wp\/v2\/media\/11833"}],"wp:attachment":[{"href":"https:\/\/muycritico.com.ar\/web\/index.php?rest_route=%2Fwp%2Fv2%2Fmedia&parent=11832"}],"wp:term":[{"taxonomy":"category","embeddable":true,"href":"https:\/\/muycritico.com.ar\/web\/index.php?rest_route=%2Fwp%2Fv2%2Fcategories&post=11832"},{"taxonomy":"post_tag","embeddable":true,"href":"https:\/\/muycritico.com.ar\/web\/index.php?rest_route=%2Fwp%2Fv2%2Ftags&post=11832"}],"curies":[{"name":"wp","href":"https:\/\/api.w.org\/{rel}","templated":true}]}}