{"id":11827,"date":"2025-12-13T17:12:05","date_gmt":"2025-12-13T20:12:05","guid":{"rendered":"https:\/\/muycritico.com.ar\/web\/?p=11827"},"modified":"2026-01-18T19:03:39","modified_gmt":"2026-01-18T22:03:39","slug":"el-galpon-obras-que-siguen-llegando-a-los-barrios","status":"publish","type":"post","link":"https:\/\/muycritico.com.ar\/web\/?p=11827","title":{"rendered":"EL GALPON: OBRAS QUE SIGUEN LLEGANDO A LOS BARRIOS"},"content":{"rendered":"<p><strong>En barrio Villa Mar\u00eda contin\u00faan los trabajos de cord\u00f3n cuneta, una obra que mejora el ordenamiento de las calles y acompa\u00f1a el crecimiento del sector.<\/strong><\/p>\n<p><!--more--><\/p>\n<p>Con personal de Obras P\u00fablicas, ya se ejecutaron m\u00e1s de 800 metros lineales sobre las calles Juan Carlos D\u00e1valos, Gendarmer\u00eda Argentina, pasajes Salta y Arenales. Actualmente, las tareas est\u00e1n finalizando en calle Casta\u00f1ares.<\/p>\n<p><img loading=\"lazy\" decoding=\"async\" class=\"aligncenter size-full wp-image-11829\" src=\"https:\/\/muycritico.com.ar\/web\/wp-content\/uploads\/2025\/12\/OBRAS-GALPON.jpg\" alt=\"\" width=\"960\" height=\"574\" srcset=\"https:\/\/muycritico.com.ar\/web\/wp-content\/uploads\/2025\/12\/OBRAS-GALPON.jpg 960w, https:\/\/muycritico.com.ar\/web\/wp-content\/uploads\/2025\/12\/OBRAS-GALPON-768x459.jpg 768w\" sizes=\"auto, (max-width: 960px) 100vw, 960px\" \/><\/p>\n<p>Al respecto, el director de Obras P\u00fablicas, Mart\u00edn Pizarro, se\u00f1al\u00f3 que \u201ces una obra necesaria, que los vecinos ven y sienten en el d\u00eda a d\u00eda. Ordena el barrio, mejora el escurrimiento del agua y prepara las calles para lo que viene\u201d.<\/p>\n<p>Desde la gesti\u00f3n del intendente Federico Sacca, se sigue trabajando de manera sostenida, con obras que dan respuesta a los vecinos y fortalecen la infraestructura de cada barrio.<\/p>\n","protected":false},"excerpt":{"rendered":"<p>En barrio Villa Mar\u00eda contin\u00faan los trabajos de cord\u00f3n cuneta, una obra que mejora el ordenamiento de las calles y acompa\u00f1a el crecimiento del sector.<\/p>\n","protected":false},"author":2,"featured_media":11828,"comment_status":"open","ping_status":"closed","sticky":false,"template":"","format":"standard","meta":{"footnotes":""},"categories":[6],"tags":[872],"class_list":["post-11827","post","type-post","status-publish","format-standard","has-post-thumbnail","hentry","category-notas","tag-victor-sacca"],"_links":{"self":[{"href":"https:\/\/muycritico.com.ar\/web\/index.php?rest_route=\/wp\/v2\/posts\/11827","targetHints":{"allow":["GET"]}}],"collection":[{"href":"https:\/\/muycritico.com.ar\/web\/index.php?rest_route=\/wp\/v2\/posts"}],"about":[{"href":"https:\/\/muycritico.com.ar\/web\/index.php?rest_route=\/wp\/v2\/types\/post"}],"author":[{"embeddable":true,"href":"https:\/\/muycritico.com.ar\/web\/index.php?rest_route=\/wp\/v2\/users\/2"}],"replies":[{"embeddable":true,"href":"https:\/\/muycritico.com.ar\/web\/index.php?rest_route=%2Fwp%2Fv2%2Fcomments&post=11827"}],"version-history":[{"count":1,"href":"https:\/\/muycritico.com.ar\/web\/index.php?rest_route=\/wp\/v2\/posts\/11827\/revisions"}],"predecessor-version":[{"id":11831,"href":"https:\/\/muycritico.com.ar\/web\/index.php?rest_route=\/wp\/v2\/posts\/11827\/revisions\/11831"}],"wp:featuredmedia":[{"embeddable":true,"href":"https:\/\/muycritico.com.ar\/web\/index.php?rest_route=\/wp\/v2\/media\/11828"}],"wp:attachment":[{"href":"https:\/\/muycritico.com.ar\/web\/index.php?rest_route=%2Fwp%2Fv2%2Fmedia&parent=11827"}],"wp:term":[{"taxonomy":"category","embeddable":true,"href":"https:\/\/muycritico.com.ar\/web\/index.php?rest_route=%2Fwp%2Fv2%2Fcategories&post=11827"},{"taxonomy":"post_tag","embeddable":true,"href":"https:\/\/muycritico.com.ar\/web\/index.php?rest_route=%2Fwp%2Fv2%2Ftags&post=11827"}],"curies":[{"name":"wp","href":"https:\/\/api.w.org\/{rel}","templated":true}]}}