{"id":11822,"date":"2025-12-13T16:53:20","date_gmt":"2025-12-13T19:53:20","guid":{"rendered":"https:\/\/muycritico.com.ar\/web\/?p=11822"},"modified":"2026-01-18T19:03:39","modified_gmt":"2026-01-18T22:03:39","slug":"ruta-del-abigeato-doce-detenidos-en-dieciseis-allanamientos","status":"publish","type":"post","link":"https:\/\/muycritico.com.ar\/web\/?p=11822","title":{"rendered":"RUTA DEL ABIGEATO: DOCE DETENIDOS EN DIECIS\u00c9IS ALLANAMIENTOS"},"content":{"rendered":"<p><strong>En un amplio procedimiento se rescataron adem\u00e1s gallos de ri\u00f1a y se secuestraron numerosos elementos de inter\u00e9s para una causa que se investigaba por distintos hechos ocurridos en la zona.<\/strong><\/p>\n<p><!--more--><\/p>\n<p>Las actuaciones se desarrollaron desde la madrugada del viernes 12, en un despliegue que cont\u00f3 no solo con la direcci\u00f3n del fiscal Escalante, sino tambi\u00e9n con la presencia de las m\u00e1ximas autoridades de la fuerza: el Jefe de Polic\u00eda, Comisario General Diego Antonio Bustos; el Jefe del Grupo Investigativo, Subcomisario Omar M\u00e9ndez; el Comisario Inspector Ram\u00f3n Ramos, Jefe de la Unidad Regional 11; y el Subdirector de Investigaciones, Comisario Mart\u00edn Jim\u00e9nez. Todos ellos supervisaron en terreno la ejecuci\u00f3n de las medidas judiciales.<\/p>\n<p>Por su parte el fiscal penal de Rosario de Lerma, Daniel Escalante, abri\u00f3 decreto de imputaci\u00f3n contra doce personas investigadas y detenidas tras una causa que conect\u00f3 distintos hechos de abigeato, ocurridos en diversos puntos del departamento. La investigaci\u00f3n de gran complejidad permiti\u00f3 identificar un circuito que culmin\u00f3 en un operativo policial de magnitud, con resultados significativos.<\/p>\n<p><img loading=\"lazy\" decoding=\"async\" class=\"aligncenter size-full wp-image-11825\" src=\"https:\/\/muycritico.com.ar\/web\/wp-content\/uploads\/2025\/12\/ABIGAETO2.jpeg\" alt=\"\" width=\"1280\" height=\"960\" srcset=\"https:\/\/muycritico.com.ar\/web\/wp-content\/uploads\/2025\/12\/ABIGAETO2.jpeg 1280w, https:\/\/muycritico.com.ar\/web\/wp-content\/uploads\/2025\/12\/ABIGAETO2-768x576.jpeg 768w\" sizes=\"auto, (max-width: 1280px) 100vw, 1280px\" \/><\/p>\n<p>La causa integra distintas denuncias que permitieron reconstruir maniobras reiteradas de sustracci\u00f3n de animales, faena clandestina y comercializaci\u00f3n irregular de carne. Entre los hechos identificados se encuentra el robo de una vaca de raza Jersey, color negra, con caravana blanca, de aproximadamente 600 kilos y en estado de pre\u00f1ez; la interceptaci\u00f3n, por parte de la Polic\u00eda Rural y Ambiental, de un veh\u00edculo que transportaba carne proveniente de faena clandestina; y la denuncia por la sustracci\u00f3n de un animal vacuno de raza Holando Argentino. Otra l\u00ednea de investigaci\u00f3n se vincula a controles en carnicer\u00edas para verificar la trazabilidad y el origen de los productos ofrecidos.<\/p>\n<p>El avance de la investigaci\u00f3n fue producto del trabajo articulado entre la Fiscal\u00eda Penal de Rosario de Lerma y la Direcci\u00f3n General de Investigaciones, mediante el Grupo Investigativo Sector N.\u00ba 2 DDP 11, que despleg\u00f3 un operativo considerado uno de los m\u00e1s importantes del a\u00f1o en materia de abigeato. Con autorizaci\u00f3n judicial, los equipos ejecutaron diecis\u00e9is allanamientos simult\u00e1neos en domicilios de la localidad de Rosario de Lerma, logrando reunir evidencia determinante para la causa.<\/p>\n<p>El operativo arroj\u00f3 como resultado la detenci\u00f3n de doce personas, todas puestas a disposici\u00f3n de la Fiscal\u00eda. Adem\u00e1s, durante la inspecci\u00f3n de los domicilios se rescataron gallos de ri\u00f1a, que quedaron a disposici\u00f3n de la Polic\u00eda Ambiental para su resguardo y evaluaci\u00f3n correspondiente.<\/p>\n<p><img loading=\"lazy\" decoding=\"async\" class=\"aligncenter size-full wp-image-11824\" src=\"https:\/\/muycritico.com.ar\/web\/wp-content\/uploads\/2025\/12\/ABIGAETO3.jpeg\" alt=\"\" width=\"1280\" height=\"960\" srcset=\"https:\/\/muycritico.com.ar\/web\/wp-content\/uploads\/2025\/12\/ABIGAETO3.jpeg 1280w, https:\/\/muycritico.com.ar\/web\/wp-content\/uploads\/2025\/12\/ABIGAETO3-768x576.jpeg 768w\" sizes=\"auto, (max-width: 1280px) 100vw, 1280px\" \/><\/p>\n<p>En cuanto a los secuestros, se incautaron ocho tel\u00e9fonos celulares, un autom\u00f3vil, dos camionetas, ocho cueros de animal vacuno completos, cuatro lonjas o retazos de cuero, herramientas de faena como serruchos, sierras, machete y hacha, as\u00ed como seis cuchillos de distintos tipos utilizados habitualmente en faena clandestina. Tambi\u00e9n se incautaron un delantal de carnicero, una chaira, una balanza, un arma blanca tipo hechiza, dos tramos de soga y diversas piezas de carne vacuna cruda \u2014cabeza, costilla, tripas, h\u00edgado y panza\u2014 presuntamente derivadas de faena sin control sanitario.<\/p>\n<p>El fiscal Escalante destac\u00f3 el trabajo meticuloso, sostenido y altamente profesional desplegado por el personal policial, tanto de la Direcci\u00f3n General de Investigaciones como de la Polic\u00eda Rural y Ambiental. Destac\u00f3 que su labor fue decisiva para detectar maniobras il\u00edcitas, individualizar a los sospechosos, interceptar el transporte irregular de carne y consolidar un volumen probatorio de gran relevancia.<\/p>\n<p>Las actuaciones contin\u00faan en curso, con nuevas medidas en an\u00e1lisis y ampliaciones previstas a medida que avance el estudio del material secuestrado.<\/p>\n","protected":false},"excerpt":{"rendered":"<p>En un amplio procedimiento se rescataron adem\u00e1s gallos de ri\u00f1a y se secuestraron numerosos elementos de inter\u00e9s para una causa que se investigaba por distintos hechos ocurridos en la zona.<\/p>\n","protected":false},"author":2,"featured_media":11823,"comment_status":"open","ping_status":"closed","sticky":false,"template":"","format":"standard","meta":{"footnotes":""},"categories":[6],"tags":[872],"class_list":["post-11822","post","type-post","status-publish","format-standard","has-post-thumbnail","hentry","category-notas","tag-victor-sacca"],"_links":{"self":[{"href":"https:\/\/muycritico.com.ar\/web\/index.php?rest_route=\/wp\/v2\/posts\/11822","targetHints":{"allow":["GET"]}}],"collection":[{"href":"https:\/\/muycritico.com.ar\/web\/index.php?rest_route=\/wp\/v2\/posts"}],"about":[{"href":"https:\/\/muycritico.com.ar\/web\/index.php?rest_route=\/wp\/v2\/types\/post"}],"author":[{"embeddable":true,"href":"https:\/\/muycritico.com.ar\/web\/index.php?rest_route=\/wp\/v2\/users\/2"}],"replies":[{"embeddable":true,"href":"https:\/\/muycritico.com.ar\/web\/index.php?rest_route=%2Fwp%2Fv2%2Fcomments&post=11822"}],"version-history":[{"count":1,"href":"https:\/\/muycritico.com.ar\/web\/index.php?rest_route=\/wp\/v2\/posts\/11822\/revisions"}],"predecessor-version":[{"id":11826,"href":"https:\/\/muycritico.com.ar\/web\/index.php?rest_route=\/wp\/v2\/posts\/11822\/revisions\/11826"}],"wp:featuredmedia":[{"embeddable":true,"href":"https:\/\/muycritico.com.ar\/web\/index.php?rest_route=\/wp\/v2\/media\/11823"}],"wp:attachment":[{"href":"https:\/\/muycritico.com.ar\/web\/index.php?rest_route=%2Fwp%2Fv2%2Fmedia&parent=11822"}],"wp:term":[{"taxonomy":"category","embeddable":true,"href":"https:\/\/muycritico.com.ar\/web\/index.php?rest_route=%2Fwp%2Fv2%2Fcategories&post=11822"},{"taxonomy":"post_tag","embeddable":true,"href":"https:\/\/muycritico.com.ar\/web\/index.php?rest_route=%2Fwp%2Fv2%2Ftags&post=11822"}],"curies":[{"name":"wp","href":"https:\/\/api.w.org\/{rel}","templated":true}]}}