{"id":11818,"date":"2025-12-12T19:24:25","date_gmt":"2025-12-12T22:24:25","guid":{"rendered":"https:\/\/muycritico.com.ar\/web\/?p=11818"},"modified":"2026-01-18T19:03:39","modified_gmt":"2026-01-18T22:03:39","slug":"gobernadores-del-noa-se-reunieron-con-rio-tinto-la-minera-que-en-salta-invertira-us-2-500-millones","status":"publish","type":"post","link":"https:\/\/muycritico.com.ar\/web\/?p=11818","title":{"rendered":"GOBERNADORES DEL NOA SE REUNIERON CON RIO TINTO, LA MINERA QUE EN SALTA INVERTIR\u00c1 US$ 2.500 MILLONES"},"content":{"rendered":"<p><strong>Gustavo S\u00e1enz de Salta, Ra\u00fal Jalil de Catamarca y Carlos Sadir de Jujuy participaron en una Mesa Redonda con el Board of Directors de Rio Tinto. La compa\u00f1\u00eda impulsa en la provincia el proyecto Rinc\u00f3n Lithium, la mayor inversi\u00f3n en litio bajo el r\u00e9gimen RIGI.<\/strong><\/p>\n<p><!--more--><\/p>\n<p>El gobernador de Salta, Gustavo S\u00e1enz, de Catamarca Ra\u00fal Jalil y de Jujuy Carlos Sadir se reunieron con Dominic Barton, presidente del Board\u00a0 of Directors de Rio Tinto y J\u00e9r\u00f4me P\u00e9cresse director ejecutivo Aluminium &amp; Lithium en la primera visita de la c\u00fapula de la compa\u00f1\u00eda minera a la Argentina. Tambi\u00e9n particip\u00f3 el ministro de Gobierno, Derechos Humanos y Trabajo, Ricardo Villada.<\/p>\n<p>Durante el encuentro se dialog\u00f3 sobre el estado de las operaciones y el potencial de desarrollo del sector en el NOA, una regi\u00f3n que se consolida como eje global en la producci\u00f3n de minerales cr\u00edticos, esenciales para la transici\u00f3n energ\u00e9tica.<\/p>\n<p>En este contexto, la provincia de Salta ocupa un lugar central gracias al desarrollo del proyecto Rinc\u00f3n Lithium, ubicado en la Puna salte\u00f1a, dentro del Tri\u00e1ngulo del Litio.<\/p>\n<p>Representa la inversi\u00f3n m\u00e1s grande para proyectos de litio proyectada en US$ 2.500 millones y la primera aprobada bajo el R\u00e9gimen de Incentivo a las Grandes Inversiones (RIGI).<\/p>\n<p>El proyecto Rinc\u00f3n Lithium contempla la construcci\u00f3n de una planta de carbonato de litio grado bater\u00eda con una capacidad anual de 50.000 toneladas, con la primera producci\u00f3n plena prevista para 2028 y una vida \u00fatil estimada de 40 a\u00f1os, lo que garantiza previsibilidad a largo plazo.<\/p>\n<p><img loading=\"lazy\" decoding=\"async\" class=\"aligncenter size-full wp-image-11820\" src=\"https:\/\/muycritico.com.ar\/web\/wp-content\/uploads\/2025\/12\/vino-tinto2.jpg\" alt=\"\" width=\"1061\" height=\"561\" srcset=\"https:\/\/muycritico.com.ar\/web\/wp-content\/uploads\/2025\/12\/vino-tinto2.jpg 1061w, https:\/\/muycritico.com.ar\/web\/wp-content\/uploads\/2025\/12\/vino-tinto2-768x406.jpg 768w\" sizes=\"auto, (max-width: 1061px) 100vw, 1061px\" \/><\/p>\n<p>Los mandatarios destacaron que la prioridad de la gesti\u00f3n es asegurar que el desarrollo minero se traduzca en beneficio directo para la regi\u00f3n tanto en la generaci\u00f3n de empleos, desarrollo local, infraestructura y en el crecimiento de las comunidades. Asimismo se enfatiz\u00f3 en el respecto de la licencia social y una miner\u00eda sustentable.<\/p>\n<p>El encuentro fue un espacio de di\u00e1logo estrat\u00e9gico que consolida la coordinaci\u00f3n institucional y el trabajo articulado con la industria, asegurando que las prioridades de desarrollo e infraestructura del NOA acompa\u00f1en el crecimiento productivo del sector.<\/p>\n<p>Tambi\u00e9n fueron parte del encuentro el ministro de Miner\u00eda de Catamarca, Marcelo Mur\u00faa, Barbara Fochtman, Managing Director de Lithium, Ignacio Costa, General Manager, Lithium Argentina, Paula Uribe directora Government Relations for Lat\u00edn Am\u00e9rica y Jos\u00e9 Alioto, Government Relations Argentina.<\/p>\n<p><strong>Rinc\u00f3n Lithium en Salta<\/strong><\/p>\n<p>Rinc\u00f3n Lithium proyecta la generaci\u00f3n de hasta 3.000 puestos de trabajo en su fase de construcci\u00f3n y cientos de empleos permanentes durante su operaci\u00f3n.<\/p>\n<p>En cuanto a proveedores: Se subray\u00f3 el reciente convenio de colaboraci\u00f3n con la C\u00e1mara de Proveedores de Empresas Mineras de Salta (CAPEMISA) y la subsidiaria Rincon Mining Pty Ltd, para garantizar la contrataci\u00f3n de empresas y trabajadores locales.<\/p>\n<p>Rio Tinto aplicar\u00e1 la tecnolog\u00eda de Extracci\u00f3n Directa de Litio (DLE), un m\u00e9todo avanzado que minimiza el consumo de agua y la generaci\u00f3n de residuos, promoviendo est\u00e1ndares elevados de gesti\u00f3n ambiental.<\/p>\n","protected":false},"excerpt":{"rendered":"<p>Gustavo S\u00e1enz de Salta, Ra\u00fal Jalil de Catamarca y Carlos Sadir de Jujuy participaron en una Mesa Redonda con el Board of Directors de Rio Tinto. La compa\u00f1\u00eda impulsa en la provincia el proyecto Rinc\u00f3n Lithium, la mayor inversi\u00f3n en litio bajo el r\u00e9gimen RIGI.<\/p>\n","protected":false},"author":2,"featured_media":11819,"comment_status":"open","ping_status":"closed","sticky":false,"template":"","format":"standard","meta":{"footnotes":""},"categories":[6],"tags":[872],"class_list":["post-11818","post","type-post","status-publish","format-standard","has-post-thumbnail","hentry","category-notas","tag-victor-sacca"],"_links":{"self":[{"href":"https:\/\/muycritico.com.ar\/web\/index.php?rest_route=\/wp\/v2\/posts\/11818","targetHints":{"allow":["GET"]}}],"collection":[{"href":"https:\/\/muycritico.com.ar\/web\/index.php?rest_route=\/wp\/v2\/posts"}],"about":[{"href":"https:\/\/muycritico.com.ar\/web\/index.php?rest_route=\/wp\/v2\/types\/post"}],"author":[{"embeddable":true,"href":"https:\/\/muycritico.com.ar\/web\/index.php?rest_route=\/wp\/v2\/users\/2"}],"replies":[{"embeddable":true,"href":"https:\/\/muycritico.com.ar\/web\/index.php?rest_route=%2Fwp%2Fv2%2Fcomments&post=11818"}],"version-history":[{"count":1,"href":"https:\/\/muycritico.com.ar\/web\/index.php?rest_route=\/wp\/v2\/posts\/11818\/revisions"}],"predecessor-version":[{"id":11821,"href":"https:\/\/muycritico.com.ar\/web\/index.php?rest_route=\/wp\/v2\/posts\/11818\/revisions\/11821"}],"wp:featuredmedia":[{"embeddable":true,"href":"https:\/\/muycritico.com.ar\/web\/index.php?rest_route=\/wp\/v2\/media\/11819"}],"wp:attachment":[{"href":"https:\/\/muycritico.com.ar\/web\/index.php?rest_route=%2Fwp%2Fv2%2Fmedia&parent=11818"}],"wp:term":[{"taxonomy":"category","embeddable":true,"href":"https:\/\/muycritico.com.ar\/web\/index.php?rest_route=%2Fwp%2Fv2%2Fcategories&post=11818"},{"taxonomy":"post_tag","embeddable":true,"href":"https:\/\/muycritico.com.ar\/web\/index.php?rest_route=%2Fwp%2Fv2%2Ftags&post=11818"}],"curies":[{"name":"wp","href":"https:\/\/api.w.org\/{rel}","templated":true}]}}