{"id":11815,"date":"2025-12-12T19:10:31","date_gmt":"2025-12-12T22:10:31","guid":{"rendered":"https:\/\/muycritico.com.ar\/web\/?p=11815"},"modified":"2026-01-18T19:03:39","modified_gmt":"2026-01-18T22:03:39","slug":"despues-del-pesaje-quedo-todo-listo-para-las-finales-del-torneo-municipal-amateur-de-boxeo","status":"publish","type":"post","link":"https:\/\/muycritico.com.ar\/web\/?p=11815","title":{"rendered":"DESPU\u00c9S DEL PESAJE QUED\u00d3 TODO LISTO PARA LAS FINALES DEL TORNEO MUNICIPAL AMATEUR DE BOXEO"},"content":{"rendered":"<p><strong>Las peleas se llevar\u00e1n a cabo hoy en el Club Gimnasia y Tiro a partir de las 17. La entrada es un bono contribuci\u00f3n en beneficio del club. Habr\u00e1 16 peleas y glorias del boxeo salte\u00f1o entregar\u00e1n los premios.<\/strong><\/p>\n<p><!--more--><\/p>\n<p>Tras el pesaje de los boxeadores, que se llev\u00f3 a cabo esta ma\u00f1ana, ya est\u00e1 todo servido para las finales del Torneo Municipal Amateur de Boxeo.<\/p>\n<p>Las peleas tendr\u00e1n lugar hoy a partir de las 17 hs en el polideportivo del Club Gimnasia y Tiro. La entrada es un bono contribuci\u00f3n en beneficio del club.<\/p>\n<p>El boxeador que gane la pelea se consagrar\u00e1 campe\u00f3n del torneo.<\/p>\n<p>Los combates ser\u00e1n a 3 rounds de 2 minutos y un minuto de descanso para los menores y cadetes y 3 minutos y 1 de descanso para los juveniles y mayores.<\/p>\n<p>En esta ocasi\u00f3n, diferentes glorias del boxeo salte\u00f1o entregar\u00e1n los premios a los ganadores.<\/p>\n<p>\u201cEsperamos que los amigos y familiares de los boxeadores los acompa\u00f1en en esta gran jornada. Ser\u00e1 una fiesta del deporte\u201d, dijo Ezequiel Barraguirre, presidente de la Agencia Salta Deportes.<\/p>\n<p>La Municipalidad, por medio de la Agencia, busca cumplir su objetivo, el cual es fomentar el deporte y la salud f\u00edsica, adem\u00e1s de alejar a los j\u00f3venes de los malos h\u00e1bitos.<\/p>\n<p><iframe loading=\"lazy\" title=\"Despu\u00e9s del pesaje, qued\u00f3 todo listo para las finales del Torneo Municipal Amateur de Boxeo\" width=\"696\" height=\"392\" src=\"https:\/\/www.youtube.com\/embed\/t-cihRyfiic?feature=oembed\" frameborder=\"0\" allow=\"accelerometer; autoplay; clipboard-write; encrypted-media; gyroscope; picture-in-picture; web-share\" referrerpolicy=\"strict-origin-when-cross-origin\" allowfullscreen><\/iframe><\/p>\n","protected":false},"excerpt":{"rendered":"<p>Las peleas se llevar\u00e1n a cabo hoy en el Club Gimnasia y Tiro a partir de las 17. La entrada es un bono contribuci\u00f3n en beneficio del club. Habr\u00e1 16 peleas y glorias del boxeo salte\u00f1o entregar\u00e1n los premios.<\/p>\n","protected":false},"author":2,"featured_media":11816,"comment_status":"open","ping_status":"closed","sticky":false,"template":"","format":"standard","meta":{"footnotes":""},"categories":[6],"tags":[872],"class_list":["post-11815","post","type-post","status-publish","format-standard","has-post-thumbnail","hentry","category-notas","tag-victor-sacca"],"_links":{"self":[{"href":"https:\/\/muycritico.com.ar\/web\/index.php?rest_route=\/wp\/v2\/posts\/11815","targetHints":{"allow":["GET"]}}],"collection":[{"href":"https:\/\/muycritico.com.ar\/web\/index.php?rest_route=\/wp\/v2\/posts"}],"about":[{"href":"https:\/\/muycritico.com.ar\/web\/index.php?rest_route=\/wp\/v2\/types\/post"}],"author":[{"embeddable":true,"href":"https:\/\/muycritico.com.ar\/web\/index.php?rest_route=\/wp\/v2\/users\/2"}],"replies":[{"embeddable":true,"href":"https:\/\/muycritico.com.ar\/web\/index.php?rest_route=%2Fwp%2Fv2%2Fcomments&post=11815"}],"version-history":[{"count":1,"href":"https:\/\/muycritico.com.ar\/web\/index.php?rest_route=\/wp\/v2\/posts\/11815\/revisions"}],"predecessor-version":[{"id":11817,"href":"https:\/\/muycritico.com.ar\/web\/index.php?rest_route=\/wp\/v2\/posts\/11815\/revisions\/11817"}],"wp:featuredmedia":[{"embeddable":true,"href":"https:\/\/muycritico.com.ar\/web\/index.php?rest_route=\/wp\/v2\/media\/11816"}],"wp:attachment":[{"href":"https:\/\/muycritico.com.ar\/web\/index.php?rest_route=%2Fwp%2Fv2%2Fmedia&parent=11815"}],"wp:term":[{"taxonomy":"category","embeddable":true,"href":"https:\/\/muycritico.com.ar\/web\/index.php?rest_route=%2Fwp%2Fv2%2Fcategories&post=11815"},{"taxonomy":"post_tag","embeddable":true,"href":"https:\/\/muycritico.com.ar\/web\/index.php?rest_route=%2Fwp%2Fv2%2Ftags&post=11815"}],"curies":[{"name":"wp","href":"https:\/\/api.w.org\/{rel}","templated":true}]}}