{"id":11813,"date":"2025-12-12T18:44:02","date_gmt":"2025-12-12T21:44:02","guid":{"rendered":"https:\/\/muycritico.com.ar\/web\/?p=11813"},"modified":"2026-01-18T19:03:40","modified_gmt":"2026-01-18T22:03:40","slug":"la-obra-del-puente-del-rio-vaqueros-va-a-continuar","status":"publish","type":"post","link":"https:\/\/muycritico.com.ar\/web\/?p=11813","title":{"rendered":"\u201cLA OBRA DEL PUENTE DEL RIO VAQUEROS VA A CONTINUAR\u201d"},"content":{"rendered":"<p><strong>As\u00ed lo confirm\u00f3 el diputado Luis Menda\u00f1a en dialogo con el ciclo \u201cPol\u00edtica Para Todos\u201d en Cadena Infinito, tras confirmarle de la novedad el ingeniero Federico Casas. Adem\u00e1s el legislador explic\u00f3 c\u00f3mo ser\u00e1 la obra terminada y en qu\u00e9 consistir\u00e1n las m\u00faltiples soluciones que traer\u00e1 la obra, destacando que descongestionar\u00e1 toda la avenida principal de Vaqueros, ya que ahora se podr\u00e1 acceder a La Caldera por otra circunvalaci\u00f3n.<\/strong><\/p>\n<p><!--more--><\/p>\n<p>\u201cEn principio darle la tranquilidad a la gente de Vaqueros y la Caldera que la obra va a continuar, porque hab\u00eda algunos comentarios y algunas preocupaciones de la gente de ese departamento de que la obra no iba a continuar, me puse en contacto con el director de Vialidad de la Naci\u00f3n y continuar\u00edan con los pagos de los certificados, con la empresa, que si est\u00e1n re planificando la continuaci\u00f3n de la obra\u201d, indic\u00f3 el legislador de la Caldera.<\/p>\n<p>Por su parte Menda\u00f1a aclar\u00f3 que se ver\u00e1 movimientos de maquinarias y personal pero no con la intensidad que se hab\u00eda observado hasta el momento, ya que reconoci\u00f3 que la obra tuvo una baja en la actividad pero que eso no signific\u00f3 un parate ni mucho menos.<\/p>\n<blockquote class=\"instagram-media\" style=\"background: #FFF; border: 0; border-radius: 3px; box-shadow: 0 0 1px 0 rgba(0,0,0,0.5),0 1px 10px 0 rgba(0,0,0,0.15); margin: 1px; max-width: 540px; min-width: 326px; padding: 0; width: calc(100% - 2px);\" data-instgrm-captioned=\"\" data-instgrm-permalink=\"https:\/\/www.instagram.com\/reel\/DSJUneTEU6x\/?utm_source=ig_embed&amp;utm_campaign=loading\" data-instgrm-version=\"14\">\n<div style=\"padding: 16px;\">\n<p>&nbsp;<\/p>\n<div style=\"display: flex; flex-direction: row; align-items: center;\">\n<div style=\"background-color: #f4f4f4; border-radius: 50%; flex-grow: 0; height: 40px; margin-right: 14px; width: 40px;\"><\/div>\n<div style=\"display: flex; flex-direction: column; flex-grow: 1; justify-content: center;\">\n<div style=\"background-color: #f4f4f4; border-radius: 4px; flex-grow: 0; height: 14px; margin-bottom: 6px; width: 100px;\"><\/div>\n<div style=\"background-color: #f4f4f4; border-radius: 4px; flex-grow: 0; height: 14px; width: 60px;\"><\/div>\n<\/div>\n<\/div>\n<div style=\"padding: 19% 0;\"><\/div>\n<div style=\"display: block; height: 50px; margin: 0 auto 12px; width: 50px;\"><\/div>\n<div style=\"padding-top: 8px;\">\n<div style=\"color: #3897f0; font-family: Arial,sans-serif; font-size: 14px; font-style: normal; font-weight: 550; line-height: 18px;\">Ver esta publicaci\u00f3n en Instagram<\/div>\n<\/div>\n<div style=\"padding: 12.5% 0;\"><\/div>\n<div style=\"display: flex; flex-direction: row; margin-bottom: 14px; align-items: center;\">\n<div>\n<div style=\"background-color: #f4f4f4; border-radius: 50%; height: 12.5px; width: 12.5px; transform: translateX(0px) translateY(7px);\"><\/div>\n<div style=\"background-color: #f4f4f4; height: 12.5px; transform: rotate(-45deg) translateX(3px) translateY(1px); width: 12.5px; flex-grow: 0; margin-right: 14px; margin-left: 2px;\"><\/div>\n<div style=\"background-color: #f4f4f4; border-radius: 50%; height: 12.5px; width: 12.5px; transform: translateX(9px) translateY(-18px);\"><\/div>\n<\/div>\n<div style=\"margin-left: 8px;\">\n<div style=\"background-color: #f4f4f4; border-radius: 50%; flex-grow: 0; height: 20px; width: 20px;\"><\/div>\n<div style=\"width: 0; height: 0; border-top: 2px solid transparent; border-left: 6px solid #f4f4f4; border-bottom: 2px solid transparent; transform: translateX(16px) translateY(-4px) rotate(30deg);\"><\/div>\n<\/div>\n<div style=\"margin-left: auto;\">\n<div style=\"width: 0px; border-top: 8px solid #F4F4F4; border-right: 8px solid transparent; transform: translateY(16px);\"><\/div>\n<div style=\"background-color: #f4f4f4; flex-grow: 0; height: 12px; width: 16px; transform: translateY(-4px);\"><\/div>\n<div style=\"width: 0; height: 0; border-top: 8px solid #F4F4F4; border-left: 8px solid transparent; transform: translateY(-4px) translateX(8px);\"><\/div>\n<\/div>\n<\/div>\n<div style=\"display: flex; flex-direction: column; flex-grow: 1; justify-content: center; margin-bottom: 24px;\">\n<div style=\"background-color: #f4f4f4; border-radius: 4px; flex-grow: 0; height: 14px; margin-bottom: 6px; width: 224px;\"><\/div>\n<div style=\"background-color: #f4f4f4; border-radius: 4px; flex-grow: 0; height: 14px; width: 144px;\"><\/div>\n<\/div>\n<p>&nbsp;<\/p>\n<p style=\"color: #c9c8cd; font-family: Arial,sans-serif; font-size: 14px; line-height: 17px; margin-bottom: 0; margin-top: 8px; overflow: hidden; padding: 8px 0 7px; text-align: center; text-overflow: ellipsis; white-space: nowrap;\"><a style=\"color: #c9c8cd; font-family: Arial,sans-serif; font-size: 14px; font-style: normal; font-weight: normal; line-height: 17px; text-decoration: none;\" href=\"https:\/\/www.instagram.com\/reel\/DSJUneTEU6x\/?utm_source=ig_embed&amp;utm_campaign=loading\" target=\"_blank\" rel=\"noopener\">Una publicaci\u00f3n compartida por Muy Critico (@muycriticodigital)<\/a><\/p>\n<\/div>\n<\/blockquote>\n<p><script async src=\"\/\/www.instagram.com\/embed.js\"><\/script><\/p>\n<p>\u201cHab\u00eda una falta de cumplimiento en el pago de unos certificados de naci\u00f3n, eso ya est\u00e1 saldado, tengo noticias que con el trabajo del gobernador junto con la gesti\u00f3n del director de Vialidad, el ingeniero Federico Casas, hicieron efectivo el pago del ultimo certificado que se deb\u00eda. Hab\u00eda algunas otras cosas que no est\u00e1n abonadas pero est\u00e1n en condiciones. S\u00e9 que Vialidad de la Naci\u00f3n se junt\u00f3 con la empresa para reiniciar la obra pero a un ritmo que lo permita la \u00e9poca estival\u201d, detall\u00f3.<\/p>\n<p>\u201cPara nosotros es important\u00edsimo tanto el puente como la circunvalaci\u00f3n porque descongestiona Vaqueros, da tranquilidad y seguridad a la ciudadan\u00eda, nos lleva mucho m\u00e1s r\u00e1pido al municipio de la Caldera. Nosotros entendemos que la conectividad vial es importante para el desarrollo econ\u00f3mico, ya que nosotros tenemos un potencial impresionante en el departamento y obviamente que las rutas en malas condiciones y la mala accesibilidad que hoy tiene el departamento condiciona el desarrollo econ\u00f3mico\u201d, explic\u00f3.<\/p>\n<blockquote class=\"instagram-media\" style=\"background: #FFF; border: 0; border-radius: 3px; box-shadow: 0 0 1px 0 rgba(0,0,0,0.5),0 1px 10px 0 rgba(0,0,0,0.15); margin: 1px; max-width: 540px; min-width: 326px; padding: 0; width: calc(100% - 2px);\" data-instgrm-captioned=\"\" data-instgrm-permalink=\"https:\/\/www.instagram.com\/reel\/DSKoH3NkXR8\/?utm_source=ig_embed&amp;utm_campaign=loading\" data-instgrm-version=\"14\">\n<div style=\"padding: 16px;\">\n<p>&nbsp;<\/p>\n<div style=\"display: flex; flex-direction: row; align-items: center;\">\n<div style=\"background-color: #f4f4f4; border-radius: 50%; flex-grow: 0; height: 40px; margin-right: 14px; width: 40px;\"><\/div>\n<div style=\"display: flex; flex-direction: column; flex-grow: 1; justify-content: center;\">\n<div style=\"background-color: #f4f4f4; border-radius: 4px; flex-grow: 0; height: 14px; margin-bottom: 6px; width: 100px;\"><\/div>\n<div style=\"background-color: #f4f4f4; border-radius: 4px; flex-grow: 0; height: 14px; width: 60px;\"><\/div>\n<\/div>\n<\/div>\n<div style=\"padding: 19% 0;\"><\/div>\n<div style=\"display: block; height: 50px; margin: 0 auto 12px; width: 50px;\"><\/div>\n<div style=\"padding-top: 8px;\">\n<div style=\"color: #3897f0; font-family: Arial,sans-serif; font-size: 14px; font-style: normal; font-weight: 550; line-height: 18px;\">Ver esta publicaci\u00f3n en Instagram<\/div>\n<\/div>\n<div style=\"padding: 12.5% 0;\"><\/div>\n<div style=\"display: flex; flex-direction: row; margin-bottom: 14px; align-items: center;\">\n<div>\n<div style=\"background-color: #f4f4f4; border-radius: 50%; height: 12.5px; width: 12.5px; transform: translateX(0px) translateY(7px);\"><\/div>\n<div style=\"background-color: #f4f4f4; height: 12.5px; transform: rotate(-45deg) translateX(3px) translateY(1px); width: 12.5px; flex-grow: 0; margin-right: 14px; margin-left: 2px;\"><\/div>\n<div style=\"background-color: #f4f4f4; border-radius: 50%; height: 12.5px; width: 12.5px; transform: translateX(9px) translateY(-18px);\"><\/div>\n<\/div>\n<div style=\"margin-left: 8px;\">\n<div style=\"background-color: #f4f4f4; border-radius: 50%; flex-grow: 0; height: 20px; width: 20px;\"><\/div>\n<div style=\"width: 0; height: 0; border-top: 2px solid transparent; border-left: 6px solid #f4f4f4; border-bottom: 2px solid transparent; transform: translateX(16px) translateY(-4px) rotate(30deg);\"><\/div>\n<\/div>\n<div style=\"margin-left: auto;\">\n<div style=\"width: 0px; border-top: 8px solid #F4F4F4; border-right: 8px solid transparent; transform: translateY(16px);\"><\/div>\n<div style=\"background-color: #f4f4f4; flex-grow: 0; height: 12px; width: 16px; transform: translateY(-4px);\"><\/div>\n<div style=\"width: 0; height: 0; border-top: 8px solid #F4F4F4; border-left: 8px solid transparent; transform: translateY(-4px) translateX(8px);\"><\/div>\n<\/div>\n<\/div>\n<div style=\"display: flex; flex-direction: column; flex-grow: 1; justify-content: center; margin-bottom: 24px;\">\n<div style=\"background-color: #f4f4f4; border-radius: 4px; flex-grow: 0; height: 14px; margin-bottom: 6px; width: 224px;\"><\/div>\n<div style=\"background-color: #f4f4f4; border-radius: 4px; flex-grow: 0; height: 14px; width: 144px;\"><\/div>\n<\/div>\n<p>&nbsp;<\/p>\n<p style=\"color: #c9c8cd; font-family: Arial,sans-serif; font-size: 14px; line-height: 17px; margin-bottom: 0; margin-top: 8px; overflow: hidden; padding: 8px 0 7px; text-align: center; text-overflow: ellipsis; white-space: nowrap;\"><a style=\"color: #c9c8cd; font-family: Arial,sans-serif; font-size: 14px; font-style: normal; font-weight: normal; line-height: 17px; text-decoration: none;\" href=\"https:\/\/www.instagram.com\/reel\/DSKoH3NkXR8\/?utm_source=ig_embed&amp;utm_campaign=loading\" target=\"_blank\" rel=\"noopener\">Una publicaci\u00f3n compartida por Muy Critico (@muycriticodigital)<\/a><\/p>\n<\/div>\n<\/blockquote>\n<p><script async src=\"\/\/www.instagram.com\/embed.js\"><\/script><\/p>\n<p><strong>Como es la obra<\/strong><\/p>\n<p>\u201cSon dos puentes, uno de ingreso al departamento de La Caldera y otro de egreso; el puente actual ser va a correr y ese va a ser un puente peatonal, tambi\u00e9n para pasar en bicicleta, es decir todo lo que sea veh\u00edculo liviano. Despu\u00e9s viene una rotonda entrando al departamento de La Caldera, inmediatamente despu\u00e9s del puente, agarrando una parte de la entrada de la Costanera, y eso va a ser una entrada de distribuci\u00f3n entre la primera entrada a mano derecha que va a unir rodeando todo Vaqueros, uniendo con el puente de Wierna; con una segunda salida en lo que hoy es la avenida San Martin, lo que hoy es ruta 9\u201d, explic\u00f3 pormenorizadamente el diputado.<\/p>\n<p>Adem\u00e1s agreg\u00f3 que habr\u00e1 una tercera salida que va a salir a La Costanera, lo que posibilitar\u00e1 que el transito que se dirige a la Caldera no congestionar\u00e1 tanto el tr\u00e1nsito en la avenida principal de Vaqueros.<\/p>\n","protected":false},"excerpt":{"rendered":"<p>As\u00ed lo confirm\u00f3 el diputado Luis Menda\u00f1a en dialogo con el ciclo \u201cPol\u00edtica Para Todos\u201d en Cadena Infinito, tras confirmarle de la novedad el ingeniero Federico Casas. Adem\u00e1s el legislador explic\u00f3 c\u00f3mo ser\u00e1 la obra terminada y en qu\u00e9 consistir\u00e1n las m\u00faltiples soluciones que traer\u00e1 la obra, destacando que descongestionar\u00e1 toda la avenida principal de [&hellip;]<\/p>\n","protected":false},"author":2,"featured_media":8086,"comment_status":"open","ping_status":"closed","sticky":false,"template":"","format":"standard","meta":{"footnotes":""},"categories":[6],"tags":[872],"class_list":["post-11813","post","type-post","status-publish","format-standard","has-post-thumbnail","hentry","category-notas","tag-victor-sacca"],"_links":{"self":[{"href":"https:\/\/muycritico.com.ar\/web\/index.php?rest_route=\/wp\/v2\/posts\/11813","targetHints":{"allow":["GET"]}}],"collection":[{"href":"https:\/\/muycritico.com.ar\/web\/index.php?rest_route=\/wp\/v2\/posts"}],"about":[{"href":"https:\/\/muycritico.com.ar\/web\/index.php?rest_route=\/wp\/v2\/types\/post"}],"author":[{"embeddable":true,"href":"https:\/\/muycritico.com.ar\/web\/index.php?rest_route=\/wp\/v2\/users\/2"}],"replies":[{"embeddable":true,"href":"https:\/\/muycritico.com.ar\/web\/index.php?rest_route=%2Fwp%2Fv2%2Fcomments&post=11813"}],"version-history":[{"count":1,"href":"https:\/\/muycritico.com.ar\/web\/index.php?rest_route=\/wp\/v2\/posts\/11813\/revisions"}],"predecessor-version":[{"id":11814,"href":"https:\/\/muycritico.com.ar\/web\/index.php?rest_route=\/wp\/v2\/posts\/11813\/revisions\/11814"}],"wp:featuredmedia":[{"embeddable":true,"href":"https:\/\/muycritico.com.ar\/web\/index.php?rest_route=\/wp\/v2\/media\/8086"}],"wp:attachment":[{"href":"https:\/\/muycritico.com.ar\/web\/index.php?rest_route=%2Fwp%2Fv2%2Fmedia&parent=11813"}],"wp:term":[{"taxonomy":"category","embeddable":true,"href":"https:\/\/muycritico.com.ar\/web\/index.php?rest_route=%2Fwp%2Fv2%2Fcategories&post=11813"},{"taxonomy":"post_tag","embeddable":true,"href":"https:\/\/muycritico.com.ar\/web\/index.php?rest_route=%2Fwp%2Fv2%2Ftags&post=11813"}],"curies":[{"name":"wp","href":"https:\/\/api.w.org\/{rel}","templated":true}]}}