{"id":11809,"date":"2025-12-12T16:12:32","date_gmt":"2025-12-12T19:12:32","guid":{"rendered":"https:\/\/muycritico.com.ar\/web\/?p=11809"},"modified":"2026-01-18T19:03:40","modified_gmt":"2026-01-18T22:03:40","slug":"otro-papelon-del-concejo-de-madile-distinguio-a-una-condenada-por-abuso-sexual","status":"publish","type":"post","link":"https:\/\/muycritico.com.ar\/web\/?p=11809","title":{"rendered":"OTRO PAPEL\u00d3N DEL CONCEJO DE MADILE: DISTINGUI\u00d3 A UNA CONDENADA POR ABUSO SEXUAL"},"content":{"rendered":"<p><strong>Se trata de Marina Jim\u00e9nez, a quien ese desquiciado cuerpo deliberativo \u201cdistingui\u00f3\u201d por su \u201caporte cultural\u201d. Solo tres semanas despu\u00e9s se conoci\u00f3 la sentencia que la conden\u00f3 a 10 a\u00f1os de prisi\u00f3n tras abusar de su propio nieto. Pero resulta que los concejales de Madile viven en un universo paralelo donde esa causa no exist\u00eda.<\/strong><\/p>\n<p><!--more--><\/p>\n<p>El fallo que conden\u00f3 a la bailarina Marina Jim\u00e9nez a 10 a\u00f1os de prisi\u00f3n por el abuso sexual agravado de su nieto sacudi\u00f3 a la ab\u00falica sociedad salte\u00f1a. No solo por el impacto que gener\u00f3 ver el derrumbe de una figura hist\u00f3rica del Ballet Salta, sino porque puso en evidencia el bochorno institucional en todo su esplendor desde el concejo capitalino que preside el porte\u00f1o Dar\u00edo Madile.<\/p>\n<p>El impiadoso portal CAURTO PODER defini\u00f3 el pat\u00e9tico episodio como \u201cdif\u00edcil de digerir\u201d. Resulta que el Concejo Deliberante la hab\u00eda homenajeado hace apenas\u00a0 tres\u00a0 semanas, como si el caso jam\u00e1s hubiese existido.<\/p>\n<p>La sentencia contra la fundadora de una de las academias de danza m\u00e1s reconocidas del pa\u00eds cerr\u00f3 un proceso iniciado a partir de la denuncia del joven, quien relat\u00f3 los abusos sufridos durante su infancia. Su padre, An\u00edbal Jim\u00e9nez, fue quien llev\u00f3 adelante el reclamo penal y celebr\u00f3 el fallo. Poco importa si la condenada cumplir\u00e1 prisi\u00f3n domiciliaria debido a su edad o ira a parar a una c\u00e1rcel com\u00fan. Lo que atraves\u00f3 el hecho fue el reconocimiento que se le hizo en lo de Madile.<\/p>\n<p>El papel\u00f3n ocurri\u00f3 el pasado 23 de noviembre, cuando el cuerpo deliberativo que capitanea el porte\u00f1o millonario due\u00f1o de una las m\u00e1s fastuosas mansiones de Valle Escondido, entreg\u00f3 a Jim\u00e9nez una distinci\u00f3n por su \u201cinvaluable aporte a la cultura, la danza y las tradiciones salte\u00f1as\u201d.<\/p>\n<p>La impulsora de semejante desatino fue la edil <strong>Elisea Sarapura<\/strong> de Juntos por el Cambio y aprobado sin objeciones por el resto de sus pares, quienes est\u00e1n all\u00ed cobrando sueldos millonarios para solucionarle los problemas a los vecinos y no para formar parte de estas <strong>payasadas con consecuencias funestas.<\/strong><\/p>\n<p>Cada vez se hace m\u00e1s evidente la decadencia de ese cuerpo deliberativo en lo que hace a la chatura intelectual y a la falta total de informaci\u00f3n con la que se mueven estos concejales, a quienes sin dudas no les interesa m\u00e1s que sentarse en esa fosa una vez a la semana, debatir acerca de temas pueriles que vinculan la dicotom\u00eda entre progres y fachitos con aspiraciones libertarias y cobrar sus suculentos sueldos, los cuales son superiores a los de cualquier profesional de la salud o de los docentes, por citar dos sectores muy castigados por la econom\u00eda.<\/p>\n<p><strong>El testimonio de la victima <\/strong><\/p>\n<p>Emanuel Jim\u00e9nez, actualmente de 31 a\u00f1os y con residencia en Buenos Aires, cont\u00f3 al medio Punto Uno que se anim\u00f3 a hablar de los abusos -ocurridos cuando era ni\u00f1o y adolescente- hace algunos a\u00f1os.<\/p>\n<p>\u201cNo lo hice antes porque esta persona -por la bailarina y directora de ballet- me ten\u00eda manipulado y amenazado\u201d, dijo.<\/p>\n<p>Indic\u00f3 que pudo salir adelante gracias al acompa\u00f1amiento de su esposa e hijos. \u201cHoy siento que la vida me sonr\u00ede\u201d, expres\u00f3.<\/p>\n","protected":false},"excerpt":{"rendered":"<p>Se trata de Marina Jim\u00e9nez, a quien ese desquiciado cuerpo deliberativo \u201cdistingui\u00f3\u201d por su \u201caporte cultural\u201d. Solo tres semanas despu\u00e9s se conoci\u00f3 la sentencia que la conden\u00f3 a 10 a\u00f1os de prisi\u00f3n tras abusar de su propio nieto. Pero resulta que los concejales de Madile viven en un universo paralelo donde esa causa no exist\u00eda.<\/p>\n","protected":false},"author":2,"featured_media":11810,"comment_status":"open","ping_status":"closed","sticky":false,"template":"","format":"standard","meta":{"footnotes":""},"categories":[6],"tags":[197,411,1313,1314,872],"class_list":["post-11809","post","type-post","status-publish","format-standard","has-post-thumbnail","hentry","category-notas","tag-concejo-deliberante","tag-dario-madile","tag-elisea-sarapura","tag-marina-jimenez","tag-victor-sacca"],"_links":{"self":[{"href":"https:\/\/muycritico.com.ar\/web\/index.php?rest_route=\/wp\/v2\/posts\/11809","targetHints":{"allow":["GET"]}}],"collection":[{"href":"https:\/\/muycritico.com.ar\/web\/index.php?rest_route=\/wp\/v2\/posts"}],"about":[{"href":"https:\/\/muycritico.com.ar\/web\/index.php?rest_route=\/wp\/v2\/types\/post"}],"author":[{"embeddable":true,"href":"https:\/\/muycritico.com.ar\/web\/index.php?rest_route=\/wp\/v2\/users\/2"}],"replies":[{"embeddable":true,"href":"https:\/\/muycritico.com.ar\/web\/index.php?rest_route=%2Fwp%2Fv2%2Fcomments&post=11809"}],"version-history":[{"count":2,"href":"https:\/\/muycritico.com.ar\/web\/index.php?rest_route=\/wp\/v2\/posts\/11809\/revisions"}],"predecessor-version":[{"id":11812,"href":"https:\/\/muycritico.com.ar\/web\/index.php?rest_route=\/wp\/v2\/posts\/11809\/revisions\/11812"}],"wp:featuredmedia":[{"embeddable":true,"href":"https:\/\/muycritico.com.ar\/web\/index.php?rest_route=\/wp\/v2\/media\/11810"}],"wp:attachment":[{"href":"https:\/\/muycritico.com.ar\/web\/index.php?rest_route=%2Fwp%2Fv2%2Fmedia&parent=11809"}],"wp:term":[{"taxonomy":"category","embeddable":true,"href":"https:\/\/muycritico.com.ar\/web\/index.php?rest_route=%2Fwp%2Fv2%2Fcategories&post=11809"},{"taxonomy":"post_tag","embeddable":true,"href":"https:\/\/muycritico.com.ar\/web\/index.php?rest_route=%2Fwp%2Fv2%2Ftags&post=11809"}],"curies":[{"name":"wp","href":"https:\/\/api.w.org\/{rel}","templated":true}]}}