{"id":11803,"date":"2025-12-11T19:56:57","date_gmt":"2025-12-11T22:56:57","guid":{"rendered":"https:\/\/muycritico.com.ar\/web\/?p=11803"},"modified":"2026-01-18T19:27:42","modified_gmt":"2026-01-18T22:27:42","slug":"operacion-extraccion-como-hizo-la-cia-para-sacar-a-corina-machado-de-venezuela","status":"publish","type":"post","link":"https:\/\/muycritico.com.ar\/web\/?p=11803","title":{"rendered":"OPERACI\u00d3N EXTRACCI\u00d3N: COMO HIZO LA CIA PARA SACAR A CORINA MACHADO DE VENEZUELA"},"content":{"rendered":"<p><strong>V\u00edctor Amaya detall\u00f3 la traves\u00eda que permiti\u00f3 la llegada de Mar\u00eda Corina Machado a Noruega y asegur\u00f3 que el Premio Nobel de la Paz que recibi\u00f3 la dirigente opositora &#8220;tiene un impacto internacional muy importante&#8221;. Perfil entrevist\u00f3 al periodista quien relat\u00f3 el periplo de la ganadora del premio Nobel de la paz. Foto: AFP<\/strong><\/p>\n<p><!--more--><\/p>\n<p>Amaya, periodista y director del diario venezolano TalCual, explic\u00f3 c\u00f3mo la dirigente opositora Mar\u00eda Corina Machado lleg\u00f3 a Oslo tras meses en clandestinidad en Caracas. En di\u00e1logo con Modo Fontevecchia, por Net TV y Radio Perfil (AM 1190), asegur\u00f3: &#8220;Lo que Venezuela ha denunciado de c\u00f3mo se ha manejado la situaci\u00f3n en el pa\u00eds comienza a ser entendido por audiencias for\u00e1neas&#8221;, asegur\u00f3.<\/p>\n<p><strong>\u00bfPodr\u00eda compartir con nuestra audiencia c\u00f3mo imagina usted que fue la odisea del viaje de Corina Machado? \u00bfPodr\u00eda volver a entrar ilegalmente de la misma manera o lo m\u00e1s l\u00f3gico es que se mantenga fuera de Venezuela hasta que haya un cambio de r\u00e9gimen?<\/strong><\/p>\n<p>La informaci\u00f3n que han publicado hasta ahora ya dos medios, The Wall Street Journal por una parte y Bloomberg por otra, coinciden en varios elementos. Mar\u00eda Corina Machado sale disfrazada de Caracas, donde estaba resguardada, estaba en clandestinidad, pero nunca dej\u00f3 de estar en Caracas, y sale por v\u00eda terrestre en horas de madrugada. Sale hacia el oeste del pa\u00eds, por la costa, para alcanzar la punta del estado Falc\u00f3n, que es donde es el punto m\u00e1s cercano a Curazao. All\u00ed estaba previsto que tomara una embarcaci\u00f3n a Curazao, seg\u00fan la informaci\u00f3n que se ha compartido, pero se tuvo que retrasar por el fuerte oleaje que hab\u00eda all\u00ed. Al parecer, se vieron all\u00ed momentos de tensi\u00f3n por la vulnerabilidad que significa que est\u00e1s all\u00ed, sin poder moverte.<\/p>\n<p>Finalmente cruza a Curazao, donde tom\u00f3 un avi\u00f3n que la llev\u00f3 supuestamente primero a Estados Unidos y desde Estados Unidos vuela hacia Noruega. Recordemos que Mar\u00eda Corina Machado no tiene pasaporte, entonces tampoco puede volar tan f\u00e1cilmente sin el apoyo de gobiernos, porque no tiene documento de identidad venezolano vigente, por lo menos. Eso es lo que se ha informado. Sabemos que Mar\u00eda Corina Machado lleg\u00f3 a Noruega en un avi\u00f3n privado, no una aerol\u00ednea comercial. Ese vuelo aparentemente pertenece a una flota de Estados Unidos y que tambi\u00e9n por eso ella mencionaba hoy que hab\u00eda recibido ayuda de Estados Unidos para esa suerte de escape. Pero tambi\u00e9n con la informaci\u00f3n que se ha difundido de que, como su paso inclu\u00eda un trecho por mar, hacia la costa de Curazao, tuvo que haber coordinaci\u00f3n con las flotas y los radares y dem\u00e1s de sistemas de defensa y tal de Estados Unidos que est\u00e1n desplegados en el Caribe para que hubiese una conciencia de que ese bote, esa lancha donde la iban llevando a ella no representaba un peligro ni mucho menos, sino que m\u00e1s bien conduc\u00eda a Mar\u00eda Corina Machado.<\/p>\n<p>Aqu\u00ed va a pasar algunos d\u00edas con su familia porque no los ha visto en mucho tiempo. Est\u00e1n todos reunidos ac\u00e1. Aqu\u00ed est\u00e1n sus hijos, sus hermanas, su mam\u00e1 y est\u00e1 incluso su pareja, que no ve hace 16 meses o m\u00e1s. Luego quiere moverse para tener algunas citas m\u00e9dicas. Corina Machado lleva m\u00e1s de un a\u00f1o en encierro. Quienes la hemos podido ver de cerca durante estas \u00faltimas horas en Oslo, notamos el peso de ese encierro en el rostro, en la palidez que tiene su piel y, por supuesto, los signos del cansancio acumulado en las \u00faltimas horas de estr\u00e9s.<\/p>\n<p>Ella descartaba que se fuese a quedar en el exilio. Ella dec\u00eda que ella va a volver, que ella quiere llevar el Nobel a Venezuela, que la circunstancia de volver no depende de que Maduro siga o no en el poder, pero que ciertamente es una evaluaci\u00f3n que se hace, pues, casi que d\u00eda a d\u00eda, de cu\u00e1ndo pueda haber condiciones para que ella retorne al pa\u00eds. Si no hay un cambio pol\u00edtico de aqu\u00ed a que eso ocurra, efectivamente tendr\u00eda que ser una operaci\u00f3n quiz\u00e1s en el mismo tenor del que se ha dado hasta ahora, por lo menos con la informaci\u00f3n extraoficial que se ha dado, eh, de una, frente de salida a escondidas de territorio venezolano, porque si Nicol\u00e1s Maduro sigue en el poder y el r\u00e9gimen sigue, regresar a Venezuela significar\u00eda evidentemente riesgos y necesitar\u00eda una log\u00edstica de ese nivel para ese reingreso cuando ocurra.<\/p>\n<figure id=\"attachment_11805\" aria-describedby=\"caption-attachment-11805\" style=\"width: 1011px\" class=\"wp-caption aligncenter\"><img loading=\"lazy\" decoding=\"async\" class=\"wp-image-11805 size-full\" src=\"https:\/\/muycritico.com.ar\/web\/wp-content\/uploads\/2025\/12\/MACHADO-ESCAPE.jpg\" alt=\"\" width=\"1011\" height=\"604\" srcset=\"https:\/\/muycritico.com.ar\/web\/wp-content\/uploads\/2025\/12\/MACHADO-ESCAPE.jpg 1011w, https:\/\/muycritico.com.ar\/web\/wp-content\/uploads\/2025\/12\/MACHADO-ESCAPE-768x459.jpg 768w\" sizes=\"auto, (max-width: 1011px) 100vw, 1011px\" \/><figcaption id=\"caption-attachment-11805\" class=\"wp-caption-text\">Cr\u00e9dito: 20 MINUTOS<\/figcaption><\/figure>\n<p><strong>\u00bfQu\u00e9 impresi\u00f3n tiene usted de qu\u00e9 va a pasar en Venezuela? \u00bfQu\u00e9 va a terminar haciendo Trump? En toda esta log\u00edstica que le ayud\u00f3 a ella a salir, los aviones F18 que entraron dentro del Golfo de Maracaibo. \u00bfFinalmente las Fuerzas Armadas de Venezuela est\u00e1n en un proceso de descomposici\u00f3n? \u00bfC\u00f3mo imagina usted que van a reaccionar frente a un intento m\u00e1s vigoroso por parte de Estados Unidos de tratar de intervenir en el territorio para sacar a Maduro?<\/strong><\/p>\n<p>La verdad es que la noci\u00f3n de que Nicol\u00e1s Maduro puede controlar el 100% del territorio de la estructura del Estado creo que es un poco inocente viendo los resultados electorales de 2024. En Venezuela los militares votan, y las actas de votaci\u00f3n que la oposici\u00f3n logr\u00f3 recoger incluyen muchos centros electorales donde los militares votan. Y si bien es verdad que la diferencia no lleg\u00f3 a ser tan amplia como el 30%, que termin\u00f3 siendo el resultado a favor de Edmundo Gonz\u00e1lez. En los centros electorales de Caracas que yo pude revisar directamente, al estar cerca de Fuerte Tiuna, que es una instalaci\u00f3n militar en Caracas, tienen muchos militares asignados para votar all\u00ed, y Edmundo Gonz\u00e1lez quedaba primero.<\/p>\n<p>Este pa\u00eds vivi\u00f3 un cambio pol\u00edtico importante el 28 de julio del a\u00f1o pasado, cuando 70% del pa\u00eds que pod\u00eda votar y que efectivamente se moviliz\u00f3 a votar, dijo: &#8220;Yo no quiero que Nicol\u00e1s Maduro siga siendo presidente.&#8221; Ese impulso ciudadano sigue all\u00ed. Y yo dir\u00eda que el pa\u00eds no quiere que quienes hoy en d\u00eda lo controlan lo sigan controlando, como qued\u00f3 establecido el a\u00f1o pasado en esas elecciones. Y pareciera que es un sentimiento mayoritario que sigue estando vigente en Venezuela.<\/p>\n<p>Ahora, dicho eso, tambi\u00e9n yo debo decir que sigo viendo una situaci\u00f3n pol\u00edtica muy estancada en Venezuela, ciertamente con una presi\u00f3n de Estados Unidos que, con ese y otros vuelos de aviones militares a lo largo de la costa, sin tocar el mar territorial, est\u00e1n mostrando dientes, dir\u00edamos en Venezuela. Pero tambi\u00e9n veo un chavismo que no muestra ning\u00fan tipo de fisura por ahora, ni muestra ning\u00fan tipo de quiebre consigo mismo. Y eso creo que ha puesto la situaci\u00f3n pol\u00edtica venezolana en una par\u00e1lisis donde se requiere que pasen cosas que no sabemos cu\u00e1les son y cu\u00e1ndo ser\u00e1n para que el debate pueda avanzar un poco m\u00e1s y ver si efectivamente Venezuela puede acercarse a entrar en una senda de transici\u00f3n que conduzca a un reconocimiento de un gobierno un poco m\u00e1s leg\u00edtimo o lo que fuese. Yo no lo veo, la verdad.<\/p>\n<p>S\u00ed creo que el Nobel con Corina Machado tiene un impacto internacional muy importante. El discurso de la Academia Nobel, tan duro por un actor como lo es el Comit\u00e9 Nobel, pero adem\u00e1s de Noruega, que suele ser un pa\u00eds muy mediador, puede tambi\u00e9n ampliar la discusi\u00f3n y hacerla un t\u00f3pico mucho m\u00e1s internacional, m\u00e1s all\u00e1 de lo que seamos en la regi\u00f3n y alguna cosa de Estados Unidos. Pero \u00bfqu\u00e9 va a hacer Donald Trump? A veces da la impresi\u00f3n de que ni su gobierno lo sabe, y hasta d\u00f3nde est\u00e1 dispuesto a llegar tampoco lo sabemos. \u00bfY cu\u00e1nto m\u00e1s va a pasar? Tampoco lo sabemos. S\u00ed hay una incertidumbre muy grande, porque guerra avisada no mata soldado. Ninguna operaci\u00f3n militar o ninguna operaci\u00f3n de presi\u00f3n que involucre algo militar se anuncia.<\/p>\n","protected":false},"excerpt":{"rendered":"<p>V\u00edctor Amaya detall\u00f3 la traves\u00eda que permiti\u00f3 la llegada de Mar\u00eda Corina Machado a Noruega y asegur\u00f3 que el Premio Nobel de la Paz que recibi\u00f3 la dirigente opositora &#8220;tiene un impacto internacional muy importante&#8221;. Perfil entrevist\u00f3 al periodista quien relat\u00f3 el periplo de la ganadora del premio Nobel de la paz. Foto: AFP<\/p>\n","protected":false},"author":2,"featured_media":11804,"comment_status":"open","ping_status":"closed","sticky":false,"template":"","format":"standard","meta":{"footnotes":""},"categories":[10],"tags":[558,544,560,872],"class_list":["post-11803","post","type-post","status-publish","format-standard","has-post-thumbnail","hentry","category-personajes","tag-maria-corina-machado","tag-nicolas-maduro","tag-venezuela","tag-victor-sacca"],"_links":{"self":[{"href":"https:\/\/muycritico.com.ar\/web\/index.php?rest_route=\/wp\/v2\/posts\/11803","targetHints":{"allow":["GET"]}}],"collection":[{"href":"https:\/\/muycritico.com.ar\/web\/index.php?rest_route=\/wp\/v2\/posts"}],"about":[{"href":"https:\/\/muycritico.com.ar\/web\/index.php?rest_route=\/wp\/v2\/types\/post"}],"author":[{"embeddable":true,"href":"https:\/\/muycritico.com.ar\/web\/index.php?rest_route=\/wp\/v2\/users\/2"}],"replies":[{"embeddable":true,"href":"https:\/\/muycritico.com.ar\/web\/index.php?rest_route=%2Fwp%2Fv2%2Fcomments&post=11803"}],"version-history":[{"count":1,"href":"https:\/\/muycritico.com.ar\/web\/index.php?rest_route=\/wp\/v2\/posts\/11803\/revisions"}],"predecessor-version":[{"id":11806,"href":"https:\/\/muycritico.com.ar\/web\/index.php?rest_route=\/wp\/v2\/posts\/11803\/revisions\/11806"}],"wp:featuredmedia":[{"embeddable":true,"href":"https:\/\/muycritico.com.ar\/web\/index.php?rest_route=\/wp\/v2\/media\/11804"}],"wp:attachment":[{"href":"https:\/\/muycritico.com.ar\/web\/index.php?rest_route=%2Fwp%2Fv2%2Fmedia&parent=11803"}],"wp:term":[{"taxonomy":"category","embeddable":true,"href":"https:\/\/muycritico.com.ar\/web\/index.php?rest_route=%2Fwp%2Fv2%2Fcategories&post=11803"},{"taxonomy":"post_tag","embeddable":true,"href":"https:\/\/muycritico.com.ar\/web\/index.php?rest_route=%2Fwp%2Fv2%2Ftags&post=11803"}],"curies":[{"name":"wp","href":"https:\/\/api.w.org\/{rel}","templated":true}]}}