{"id":11799,"date":"2025-12-11T15:41:50","date_gmt":"2025-12-11T18:41:50","guid":{"rendered":"https:\/\/muycritico.com.ar\/web\/?p=11799"},"modified":"2026-01-18T19:03:40","modified_gmt":"2026-01-18T22:03:40","slug":"cuadernos-de-las-coimas-se-repasan-en-el-juicio-mas-de-50-descargos-de-imputados","status":"publish","type":"post","link":"https:\/\/muycritico.com.ar\/web\/?p=11799","title":{"rendered":"CUADERNOS DE LAS COIMAS: SE REPASAN EN EL JUICIO M\u00c1S DE 50 DESCARGOS DE IMPUTADOS"},"content":{"rendered":"<p><strong>Contin\u00faa la lectura del tramo conocido como \u201cla Camarita\u201d con m\u00e1s confesiones y detalles sobre los pagos de los sobornos. Foto: La Naci\u00f3n<\/strong><\/p>\n<p><!--more--><\/p>\n<p>\u201cComo ten\u00eda la oficina al lado de la de De Vido, se lo llevaba y lo dejaba en el ba\u00f1o. Eran carpetas que conten\u00edan sobres con montos que oscilaban entre 100 y 300 mil d\u00f3lares\u201d.<\/p>\n<p>El extracto forma parte de un descargo realizado por el exsecretario de Obra P\u00fablica arrepentido Jos\u00e9 L\u00f3pez, le\u00eddo hoy al comienzo de la novena audiencia del juicio oral por los Cuadernos de las Coimas.<\/p>\n<p>\u201cDe Vido estaba presente -sigui\u00f3 L\u00f3pez- y me dec\u00eda pasa, y se lo dejaba en el ba\u00f1o. Luego manten\u00edamos una reuni\u00f3n en el escritorio. En el ba\u00f1o se dejaba sobre el lavabo o sobre la tapa del bidet. En alg\u00fan lugar a la vista\u201d.<\/p>\n<p>Es uno de los muchos testimonios que por estos d\u00edas se exhiben bajo la luz p\u00fablica en el tramo del juicio oral conocido como la Camarita. Son declaraciones que describen la din\u00e1mica y los roles dentro del presunto sistema de recaudaci\u00f3n de coimas durante los tres gobiernos del kirchnerismo.<\/p>\n<p>Seg\u00fan LA NACION, de acuerdo con el testimonio de L\u00f3pez, por caso, exist\u00eda solo un pu\u00f1ado de empresas con acceso directo al exministro Julio de Vido y su mano derecha Roberto Baratta. Los pagos del resto de las firmas pasaban por Ernesto Clarens, el financista que oficiaba de intermediario.<\/p>\n<p>\u201cEfectivamente, recib\u00eda a las personas de esas empresas que tra\u00edan el dinero\u201d, ratific\u00f3 Clarens en su descargo, le\u00eddo hoy despu\u00e9s del de L\u00f3pez. \u201cEl dinero yo lo recib\u00eda, lo cambiaba a d\u00f3lares donde cobraba una comisi\u00f3n por la diferencia de cambio, y se lo entregaba a Jos\u00e9 L\u00f3pez\u201d, precis\u00f3 luego.<\/p>\n<p>Uno de los imputados de mayor peso en este segmento de la causa -donde son juzgados m\u00e1s de 40 empresarios- es Carlos Wagner. \u201cLas d\u00e1divas que entregara en la sede de la empresa eran con dinero propio, generalmente en pesos y el monto es muy dif\u00edcil de saber porque var\u00eda mucho\u2026 es una cuenta muy dif\u00edcil de hacer&#8221;, dijo el empresario, que presidi\u00f3 la C\u00e1mara Argentina de la Construcci\u00f3n durante gran parte del per\u00edodo.<\/p>\n<p>\u201cLos montos entregados al Sr. Clarens no guardaban una proporci\u00f3n con el monto del contrato y eran variables. Este sistema de pagos se mantuvo con vaivenes al menos hasta el a\u00f1o 2011. Los pagos fueron siempre realizados con dinero personal y la mayor parte de ellos fueron en pesos\u201d, agreg\u00f3 en su declaraci\u00f3n, repasada hoy en la audiencia.<\/p>\n<p>Wagner es el \u00fanico empresario acusado de integrar la presunta asociaci\u00f3n il\u00edcita que habr\u00eda liderado la expresidenta Cristina Kirchner.<\/p>\n<p>La audiencia se abri\u00f3 con un descargo suyo, en el que adem\u00e1s de negar los hechos, la expresidenta sostuvo que la causa era una \u201cmovida judicial sin pruebas\u201d, dise\u00f1ada para perseguirla, como resultado de un \u201censa\u00f1amiento\u201d en su contra.<\/p>\n<figure id=\"attachment_11801\" aria-describedby=\"caption-attachment-11801\" style=\"width: 750px\" class=\"wp-caption aligncenter\"><img loading=\"lazy\" decoding=\"async\" class=\"wp-image-11801 size-full\" src=\"https:\/\/muycritico.com.ar\/web\/wp-content\/uploads\/2025\/12\/DEVIDO.jpg\" alt=\"\" width=\"750\" height=\"431\" \/><figcaption id=\"caption-attachment-11801\" class=\"wp-caption-text\">Carlos Wagner, empresario arrepentido clave, y Julio De Vido, ex ministro de Planificaci\u00f3n Federal. LA NACION<\/figcaption><\/figure>\n<p>Tambi\u00e9n se sobrevolaron algunas declaraciones con peque\u00f1as semblanzas acerca de la personalidad de los implicados. De L\u00f3pez, por caso, se dijo que era un \u201cmaltratador\u201d.<\/p>\n<p>\u201cL\u00f3pez es una persona desequilibrada, mala en el trato, te bastardeaba y te denigraba. Era un tipo que te insultaba delante de la gente, insufrible\u201d, describi\u00f3 Sergio Pasacantando, exgerente de Administraci\u00f3n de la Direcci\u00f3n Nacional de Vialidad (DNV). \u201cEra un vehemente, te puteaba. Era mejor no decirle nada\u201d, complet\u00f3 el exfuncionario.<\/p>\n<p>En su declaraci\u00f3n como arrepentido, en la que brind\u00f3 detalles sobre los bolsos, L\u00f3pez contrast\u00f3 aquellas declaraciones de Pasacantando al afirmar ser una persona de \u201cperfil bajo, que no ostentaba su cargo\u201d.<\/p>\n<p>Sobre el financista Clarens, por caso, el exfuncionario Sandro F\u00e9rgola sostuvo que era una persona \u201camable y entradora\u201d, aunque los empresarios lo vieran como un \u201cextorsionador\u201d, cuyas exigencias de dinero eran \u201cmuy firmes\u201d, al decir de Hugo Dragonetti, de la firma Panedile.<\/p>\n<p>\u201c[Clarens] habl\u00f3 con claridad y nos inform\u00f3, de manera escueta, concreta y contundente, que para poder cobrar deb\u00edamos \u00b4devolver\u00b4 el 3 % de todo lo que se nos pagara, \u00b4s\u00ed o s\u00ed\u201c, dijo en su descargo Gabriel Pedro Losi, hijo del empresario Luis Losi.<\/p>\n<p>\u201cFinalmente, decidimos que no pod\u00edamos hacer otra cosa [m\u00e1s] que claudicar y comenzar a atender, dentro de las posibilidades financieras de mi padre, el pago que se nos exig\u00eda -sigui\u00f3 Losi- A partir de esta decisi\u00f3n, que adoptamos en forma privada [&#8230;] personalmente hice entregas de dinero a Clarens, en sus oficinas. Por obvias razones, no tenemos registro de dichos pagos\u201d.<\/p>\n<p>En la lectura que lleva adelante el Tribunal Oral Federal 7 est\u00e1 previsto que a los descargos sigan las declaraciones de los ocho arrepentidos de este expediente.<\/p>\n","protected":false},"excerpt":{"rendered":"<p>Contin\u00faa la lectura del tramo conocido como \u201cla Camarita\u201d con m\u00e1s confesiones y detalles sobre los pagos de los sobornos. Foto: La Naci\u00f3n<\/p>\n","protected":false},"author":2,"featured_media":11800,"comment_status":"open","ping_status":"closed","sticky":false,"template":"","format":"standard","meta":{"footnotes":""},"categories":[6],"tags":[872],"class_list":["post-11799","post","type-post","status-publish","format-standard","has-post-thumbnail","hentry","category-notas","tag-victor-sacca"],"_links":{"self":[{"href":"https:\/\/muycritico.com.ar\/web\/index.php?rest_route=\/wp\/v2\/posts\/11799","targetHints":{"allow":["GET"]}}],"collection":[{"href":"https:\/\/muycritico.com.ar\/web\/index.php?rest_route=\/wp\/v2\/posts"}],"about":[{"href":"https:\/\/muycritico.com.ar\/web\/index.php?rest_route=\/wp\/v2\/types\/post"}],"author":[{"embeddable":true,"href":"https:\/\/muycritico.com.ar\/web\/index.php?rest_route=\/wp\/v2\/users\/2"}],"replies":[{"embeddable":true,"href":"https:\/\/muycritico.com.ar\/web\/index.php?rest_route=%2Fwp%2Fv2%2Fcomments&post=11799"}],"version-history":[{"count":1,"href":"https:\/\/muycritico.com.ar\/web\/index.php?rest_route=\/wp\/v2\/posts\/11799\/revisions"}],"predecessor-version":[{"id":11802,"href":"https:\/\/muycritico.com.ar\/web\/index.php?rest_route=\/wp\/v2\/posts\/11799\/revisions\/11802"}],"wp:featuredmedia":[{"embeddable":true,"href":"https:\/\/muycritico.com.ar\/web\/index.php?rest_route=\/wp\/v2\/media\/11800"}],"wp:attachment":[{"href":"https:\/\/muycritico.com.ar\/web\/index.php?rest_route=%2Fwp%2Fv2%2Fmedia&parent=11799"}],"wp:term":[{"taxonomy":"category","embeddable":true,"href":"https:\/\/muycritico.com.ar\/web\/index.php?rest_route=%2Fwp%2Fv2%2Fcategories&post=11799"},{"taxonomy":"post_tag","embeddable":true,"href":"https:\/\/muycritico.com.ar\/web\/index.php?rest_route=%2Fwp%2Fv2%2Ftags&post=11799"}],"curies":[{"name":"wp","href":"https:\/\/api.w.org\/{rel}","templated":true}]}}