{"id":11796,"date":"2025-12-11T10:58:19","date_gmt":"2025-12-11T13:58:19","guid":{"rendered":"https:\/\/muycritico.com.ar\/web\/?p=11796"},"modified":"2026-01-18T19:03:40","modified_gmt":"2026-01-18T22:03:40","slug":"mas-de-170-empresas-participaran-de-la-3-edicion-de-expo-ciudad","status":"publish","type":"post","link":"https:\/\/muycritico.com.ar\/web\/?p=11796","title":{"rendered":"M\u00c1S DE 170 EMPRESAS PARTICIPAR\u00c1N DE LA 3\u00b0 EDICI\u00d3N DE EXPO CIUDAD"},"content":{"rendered":"<p><strong>El evento se realizar\u00e1 este s\u00e1bado 13 y domingo 14 en el Centro de Convenciones, de 11 a 00 hs. Habr\u00e1 ofertas especiales, lanzamientos exclusivos, financiaci\u00f3n con tarjetas y espacios interactivos para vecinos y turistas.<\/strong><\/p>\n<p><!--more--><\/p>\n<p>La Municipalidad de Salta invita a todos los vecinos a disfrutar este fin de semana de la 3\u00b0 edici\u00f3n de la Expo Ciudad, un encuentro que reunir\u00e1 a m\u00e1s de 170 empresas l\u00edderes que mostrar\u00e1n lo mejor de la producci\u00f3n, el comercio y la innovaci\u00f3n local.<\/p>\n<p>La exposici\u00f3n tendr\u00e1 lugar en el Centro de Convenciones de Limache, el s\u00e1bado 13 y domingo 14, de 11 a 00 horas, con entrada libre y gratuita.<\/p>\n<p>Este a\u00f1o, la Expo Ciudad contar\u00e1 nuevamente con la participaci\u00f3n de emprendimientos, pymes y marcas reconocidas que ofrecer\u00e1n promociones especiales, experiencias, muestras interactivas y novedades para toda la familia.<\/p>\n<p>Adem\u00e1s, habr\u00e1 beneficios exclusivos en comercios adheridos, como 3 y 6 cuotas sin inter\u00e9s con tarjetas del Banco Macro y 3 cuotas sin inter\u00e9s con Plan Z de Naranja X.<\/p>\n<p>Entre las empresas participantes, Golden Bike confirm\u00f3 su presencia por tercera vez consecutiva. Su representante, Carlos \u00d1\u00e1colo, destac\u00f3: \u201cEs un orgullo acompa\u00f1ar nuevamente esta gran iniciativa. Llevamos un surtido completo para la temporada fuerte: rodados infantiles, elementos de protecci\u00f3n y dos modelos exclusivos de lanzamiento nacional, la TopMega Magma y la GDK M1. Tambi\u00e9n ofreceremos un circuito de educaci\u00f3n vial y test drive Invitamos a todos a aprovechar las promociones y conocer nuestras nuevas bicicletas.\u201d<\/p>\n<p>A su vez, Ferreter\u00eda Gay tambi\u00e9n formar\u00e1 parte del sector empresarial.<\/p>\n<p>\u201cEs una excelente ocasi\u00f3n para mostrar la variedad de productos y marcas con las que trabajamos. Tendremos promociones especiales, sobre todo en desmalezadoras por la temporada de lluvias, y brindaremos charlas para que los vecinos conozcan c\u00f3mo funcionan las m\u00e1quinas y elijan la que mejor se adapte a sus necesidades. Los invitamos a visitarnos y descubrir todas nuestras propuestas\u201d, afirm\u00f3 Oscar And\u00eda.<\/p>\n<p><iframe loading=\"lazy\" title=\"M\u00e1s de 170 empresas participar\u00e1n de la 3\u00b0 edici\u00f3n de Expo Ciudad\" width=\"696\" height=\"392\" src=\"https:\/\/www.youtube.com\/embed\/fAes2GUf9dI?feature=oembed\" frameborder=\"0\" allow=\"accelerometer; autoplay; clipboard-write; encrypted-media; gyroscope; picture-in-picture; web-share\" referrerpolicy=\"strict-origin-when-cross-origin\" allowfullscreen><\/iframe><\/p>\n","protected":false},"excerpt":{"rendered":"<p>El evento se realizar\u00e1 este s\u00e1bado 13 y domingo 14 en el Centro de Convenciones, de 11 a 00 hs. Habr\u00e1 ofertas especiales, lanzamientos exclusivos, financiaci\u00f3n con tarjetas y espacios interactivos para vecinos y turistas.<\/p>\n","protected":false},"author":2,"featured_media":11797,"comment_status":"open","ping_status":"closed","sticky":false,"template":"","format":"standard","meta":{"footnotes":""},"categories":[6],"tags":[872],"class_list":["post-11796","post","type-post","status-publish","format-standard","has-post-thumbnail","hentry","category-notas","tag-victor-sacca"],"_links":{"self":[{"href":"https:\/\/muycritico.com.ar\/web\/index.php?rest_route=\/wp\/v2\/posts\/11796","targetHints":{"allow":["GET"]}}],"collection":[{"href":"https:\/\/muycritico.com.ar\/web\/index.php?rest_route=\/wp\/v2\/posts"}],"about":[{"href":"https:\/\/muycritico.com.ar\/web\/index.php?rest_route=\/wp\/v2\/types\/post"}],"author":[{"embeddable":true,"href":"https:\/\/muycritico.com.ar\/web\/index.php?rest_route=\/wp\/v2\/users\/2"}],"replies":[{"embeddable":true,"href":"https:\/\/muycritico.com.ar\/web\/index.php?rest_route=%2Fwp%2Fv2%2Fcomments&post=11796"}],"version-history":[{"count":1,"href":"https:\/\/muycritico.com.ar\/web\/index.php?rest_route=\/wp\/v2\/posts\/11796\/revisions"}],"predecessor-version":[{"id":11798,"href":"https:\/\/muycritico.com.ar\/web\/index.php?rest_route=\/wp\/v2\/posts\/11796\/revisions\/11798"}],"wp:featuredmedia":[{"embeddable":true,"href":"https:\/\/muycritico.com.ar\/web\/index.php?rest_route=\/wp\/v2\/media\/11797"}],"wp:attachment":[{"href":"https:\/\/muycritico.com.ar\/web\/index.php?rest_route=%2Fwp%2Fv2%2Fmedia&parent=11796"}],"wp:term":[{"taxonomy":"category","embeddable":true,"href":"https:\/\/muycritico.com.ar\/web\/index.php?rest_route=%2Fwp%2Fv2%2Fcategories&post=11796"},{"taxonomy":"post_tag","embeddable":true,"href":"https:\/\/muycritico.com.ar\/web\/index.php?rest_route=%2Fwp%2Fv2%2Ftags&post=11796"}],"curies":[{"name":"wp","href":"https:\/\/api.w.org\/{rel}","templated":true}]}}