{"id":11793,"date":"2025-12-11T10:48:16","date_gmt":"2025-12-11T13:48:16","guid":{"rendered":"https:\/\/muycritico.com.ar\/web\/?p=11793"},"modified":"2026-01-18T19:03:40","modified_gmt":"2026-01-18T22:03:40","slug":"diciembre-se-vive-en-familia-cierre-de-talleres-municipales-2025","status":"publish","type":"post","link":"https:\/\/muycritico.com.ar\/web\/?p=11793","title":{"rendered":"DICIEMBRE SE VIVE EN FAMILIA: CIERRE DE TALLERES MUNICIPALES 2025"},"content":{"rendered":"<p><strong>La Municipalidad de El Galp\u00f3n invita a las familias a vivir un diciembre lleno de comunidad, talento y esp\u00edritu navide\u00f1o. Ya estamos listos para celebrar los cierres de nuestros talleres en El Tunal, El Galp\u00f3n y Los Rosales, y queremos que cada vecino sea parte de estos encuentros que muestran el trabajo, el esfuerzo y la creatividad de todo el a\u00f1o.<\/strong><\/p>\n<p><!--more--><\/p>\n<p>Son noches pensadas para compartir en familia, disfrutar de las presentaciones art\u00edsticas, acompa\u00f1ar a nuestros talleristas y reencontrarnos en esta \u00e9poca tan especial, donde el calor de la Navidad se siente en cada rinc\u00f3n del municipio.<\/p>\n<p>Fechas y lugares:<\/p>\n<p>12 de diciembre \u2013 El Tunal \u2013 Predio de la Capilla \u2013 20 hs<\/p>\n<p>15 de diciembre \u2013 El Galp\u00f3n \u2013 Sal\u00f3n Cultural \u2013 21 hs.<\/p>\n<p>26 de diciembre \u2013 Los Rosales \u2013 Play\u00f3n Deportivo \u2013 20 hs.<\/p>\n<p>Te esperamos para cerrar juntos este 2025, acompa\u00f1ando a nuestros vecinos y celebrando lo que logramos como comunidad.<\/p>\n","protected":false},"excerpt":{"rendered":"<p>La Municipalidad de El Galp\u00f3n invita a las familias a vivir un diciembre lleno de comunidad, talento y esp\u00edritu navide\u00f1o. Ya estamos listos para celebrar los cierres de nuestros talleres en El Tunal, El Galp\u00f3n y Los Rosales, y queremos que cada vecino sea parte de estos encuentros que muestran el trabajo, el esfuerzo y [&hellip;]<\/p>\n","protected":false},"author":2,"featured_media":11794,"comment_status":"open","ping_status":"closed","sticky":false,"template":"","format":"standard","meta":{"footnotes":""},"categories":[6],"tags":[872],"class_list":["post-11793","post","type-post","status-publish","format-standard","has-post-thumbnail","hentry","category-notas","tag-victor-sacca"],"_links":{"self":[{"href":"https:\/\/muycritico.com.ar\/web\/index.php?rest_route=\/wp\/v2\/posts\/11793","targetHints":{"allow":["GET"]}}],"collection":[{"href":"https:\/\/muycritico.com.ar\/web\/index.php?rest_route=\/wp\/v2\/posts"}],"about":[{"href":"https:\/\/muycritico.com.ar\/web\/index.php?rest_route=\/wp\/v2\/types\/post"}],"author":[{"embeddable":true,"href":"https:\/\/muycritico.com.ar\/web\/index.php?rest_route=\/wp\/v2\/users\/2"}],"replies":[{"embeddable":true,"href":"https:\/\/muycritico.com.ar\/web\/index.php?rest_route=%2Fwp%2Fv2%2Fcomments&post=11793"}],"version-history":[{"count":1,"href":"https:\/\/muycritico.com.ar\/web\/index.php?rest_route=\/wp\/v2\/posts\/11793\/revisions"}],"predecessor-version":[{"id":11795,"href":"https:\/\/muycritico.com.ar\/web\/index.php?rest_route=\/wp\/v2\/posts\/11793\/revisions\/11795"}],"wp:featuredmedia":[{"embeddable":true,"href":"https:\/\/muycritico.com.ar\/web\/index.php?rest_route=\/wp\/v2\/media\/11794"}],"wp:attachment":[{"href":"https:\/\/muycritico.com.ar\/web\/index.php?rest_route=%2Fwp%2Fv2%2Fmedia&parent=11793"}],"wp:term":[{"taxonomy":"category","embeddable":true,"href":"https:\/\/muycritico.com.ar\/web\/index.php?rest_route=%2Fwp%2Fv2%2Fcategories&post=11793"},{"taxonomy":"post_tag","embeddable":true,"href":"https:\/\/muycritico.com.ar\/web\/index.php?rest_route=%2Fwp%2Fv2%2Ftags&post=11793"}],"curies":[{"name":"wp","href":"https:\/\/api.w.org\/{rel}","templated":true}]}}