{"id":11790,"date":"2025-12-11T10:14:17","date_gmt":"2025-12-11T13:14:17","guid":{"rendered":"https:\/\/muycritico.com.ar\/web\/?p=11790"},"modified":"2026-01-18T19:03:40","modified_gmt":"2026-01-18T22:03:40","slug":"corte-de-salta-sigue-teresa-ovejero-cornejo-hasta-2027","status":"publish","type":"post","link":"https:\/\/muycritico.com.ar\/web\/?p=11790","title":{"rendered":"CORTE DE SALTA: SIGUE TERESA OVEJERO CORNEJO HASTA 2027"},"content":{"rendered":"<p><strong>En el Sal\u00f3n de Acuerdos de Ciudad Judicial, la Dra. Teresa Ovejero Cornejo fue reelegida Presidenta de la Corte de Justicia de Salta. La magistrada ejercer\u00e1 esa funci\u00f3n a partir del d\u00eda de la fecha y hasta el 10 de diciembre de 2027.<\/strong><\/p>\n<p><!--more--><\/p>\n<p>Asimismo, se eligi\u00f3 como Vicepresidente al Dr. Jos\u00e9 Gabriel Chib\u00e1n y como Vicepresidenta segunda a la Dra. Adriana Rodr\u00edguez Faraldo, ambos por el mismo per\u00edodo.<\/p>\n<p>De esta forma, la Corte de Justicia quedar\u00e1 integrada de la siguiente manera: Teresa Ovejero Cornejo (presidenta), Jos\u00e9 Gabriel Chib\u00e1n (vicepresidente), Adriana Rodr\u00edguez Faraldo (vicepresidenta segunda), Mar\u00eda Alejandra Gauffin, Mar\u00eda Edit Nallim, Sergio Fabi\u00e1n Vittar y Pablo L\u00f3pez Vi\u00f1als.<\/p>\n","protected":false},"excerpt":{"rendered":"<p>En el Sal\u00f3n de Acuerdos de Ciudad Judicial, la Dra. Teresa Ovejero Cornejo fue reelegida Presidenta de la Corte de Justicia de Salta. La magistrada ejercer\u00e1 esa funci\u00f3n a partir del d\u00eda de la fecha y hasta el 10 de diciembre de 2027.<\/p>\n","protected":false},"author":2,"featured_media":11791,"comment_status":"open","ping_status":"closed","sticky":false,"template":"","format":"standard","meta":{"footnotes":""},"categories":[6],"tags":[872],"class_list":["post-11790","post","type-post","status-publish","format-standard","has-post-thumbnail","hentry","category-notas","tag-victor-sacca"],"_links":{"self":[{"href":"https:\/\/muycritico.com.ar\/web\/index.php?rest_route=\/wp\/v2\/posts\/11790","targetHints":{"allow":["GET"]}}],"collection":[{"href":"https:\/\/muycritico.com.ar\/web\/index.php?rest_route=\/wp\/v2\/posts"}],"about":[{"href":"https:\/\/muycritico.com.ar\/web\/index.php?rest_route=\/wp\/v2\/types\/post"}],"author":[{"embeddable":true,"href":"https:\/\/muycritico.com.ar\/web\/index.php?rest_route=\/wp\/v2\/users\/2"}],"replies":[{"embeddable":true,"href":"https:\/\/muycritico.com.ar\/web\/index.php?rest_route=%2Fwp%2Fv2%2Fcomments&post=11790"}],"version-history":[{"count":1,"href":"https:\/\/muycritico.com.ar\/web\/index.php?rest_route=\/wp\/v2\/posts\/11790\/revisions"}],"predecessor-version":[{"id":11792,"href":"https:\/\/muycritico.com.ar\/web\/index.php?rest_route=\/wp\/v2\/posts\/11790\/revisions\/11792"}],"wp:featuredmedia":[{"embeddable":true,"href":"https:\/\/muycritico.com.ar\/web\/index.php?rest_route=\/wp\/v2\/media\/11791"}],"wp:attachment":[{"href":"https:\/\/muycritico.com.ar\/web\/index.php?rest_route=%2Fwp%2Fv2%2Fmedia&parent=11790"}],"wp:term":[{"taxonomy":"category","embeddable":true,"href":"https:\/\/muycritico.com.ar\/web\/index.php?rest_route=%2Fwp%2Fv2%2Fcategories&post=11790"},{"taxonomy":"post_tag","embeddable":true,"href":"https:\/\/muycritico.com.ar\/web\/index.php?rest_route=%2Fwp%2Fv2%2Ftags&post=11790"}],"curies":[{"name":"wp","href":"https:\/\/api.w.org\/{rel}","templated":true}]}}