{"id":11784,"date":"2025-12-10T16:41:03","date_gmt":"2025-12-10T19:41:03","guid":{"rendered":"https:\/\/muycritico.com.ar\/web\/?p=11784"},"modified":"2026-01-18T15:32:30","modified_gmt":"2026-01-18T18:32:30","slug":"mas-de-20-municipios-presentaran-su-oferta-en-la-plaza-turistica-de-la-expo-ciudad","status":"publish","type":"post","link":"https:\/\/muycritico.com.ar\/web\/?p=11784","title":{"rendered":"M\u00c1S DE 20 MUNICIPIOS PRESENTAR\u00c1N SU OFERTA EN LA PLAZA TUR\u00cdSTICA DE LA EXPO CIUDAD"},"content":{"rendered":"<p><strong>Este 13 y 14 de diciembre, de 11 a 00 hs, el Ente de Turismo Municipal desplegar\u00e1 en el Centro de Convenciones de Limache un espacio especial con las propuestas tur\u00edsticas del norte argentino, degustaciones, juegos, beneficios para viajar y una completa grilla de intervenciones art\u00edsticas.<\/strong><\/p>\n<p><!--more--><\/p>\n<p>La Municipalidad de Salta, a trav\u00e9s del Ente de Turismo, presentar\u00e1 este fin de semana una Plaza Tur\u00edstica dentro de la Expo Ciudad, un espacio pensado para acercar a salte\u00f1os y visitantes toda la oferta tur\u00edstica del verano 2025-2026. Ser\u00e1 el s\u00e1bado 13 y domingo 14 de diciembre, de 11 a 00 horas, en el Centro de Convenciones de Limache.<\/p>\n<p>El subsecretario de Promoci\u00f3n Tur\u00edstica, Juan Contreras, destac\u00f3 que participar\u00e1n del encuentro las provincias de Salta, Jujuy, y m\u00e1s de 20 municipios, quienes mostrar\u00e1n sus atractivos, actividades, festivales y lanzamientos de temporada.<\/p>\n<p>\u201cQueremos que los salte\u00f1os y turistas conozcan todo lo que pueden disfrutar este verano. Estaremos junto a c\u00e1maras de turismo presentando promociones, descuentos y beneficios para viajar por toda la provincia y el norte\u201d, afirm\u00f3 el funcionario.<\/p>\n<p>Adem\u00e1s de la informaci\u00f3n tur\u00edstica, la Plaza ofrecer\u00e1 juegos, degustaciones y una programaci\u00f3n art\u00edstica desde las 19hs con intervenciones culturales de diferentes municipios para amenizar la tarde y acompa\u00f1ar el paseo de los visitantes.<\/p>\n<p><strong>Participantes:<\/strong><\/p>\n<p>Salta, Jujuy, la Polic\u00eda Tur\u00edstica y los municipios: Seclant\u00e1s, Cachi, Molinos, Cafayate, San Antonio de los Cobres, Tolar Grande, Iruya, Ciudad de Salta, San Lorenzo, Coronel Moldes, La Caldera, Vaqueros, Campo Quijano, El Jard\u00edn, La Merced, Cerrillos, La Candelaria, Chicoana, Guachipas, Tartagal y Or\u00e1n.<\/p>\n<p>Programaci\u00f3n art\u00edstica de la Plaza Tur\u00edstica:<\/p>\n<p><strong>S\u00e1bado 13 de diciembre:<\/strong><\/p>\n<p>19:00 \u2013 Norte\u00f1os (Salta Ciudad)<\/p>\n<p>19:30 \u2013 Valentino Albornoz, el Gauchito Salte\u00f1o (Salta Ciudad)<\/p>\n<p>20:00 \u2013 Gonzalo Fern\u00e1ndez junto a Danzas Mart\u00ednez Villalba (San Lorenzo)<\/p>\n<p>20:30 \u2013 Tolombe\u00f1o (Cafayate)<\/p>\n<p>21:00 \u2013 La Morena Cerrillana (Cerrillos)<\/p>\n<p>21:30 \u2013 Eva Arjona (Cachi)<\/p>\n<p><strong>Domingo 14 de diciembre:<\/strong><\/p>\n<p>19:00 \u2013 Norte\u00f1os (Salta Ciudad)<\/p>\n<p>19:30 \u2013 Valentino Albornoz, el Gauchito Salte\u00f1o (Salta Ciudad)<\/p>\n","protected":false},"excerpt":{"rendered":"<p>Este 13 y 14 de diciembre, de 11 a 00 hs, el Ente de Turismo Municipal desplegar\u00e1 en el Centro de Convenciones de Limache un espacio especial con las propuestas tur\u00edsticas del norte argentino, degustaciones, juegos, beneficios para viajar y una completa grilla de intervenciones art\u00edsticas.<\/p>\n","protected":false},"author":2,"featured_media":11785,"comment_status":"open","ping_status":"closed","sticky":false,"template":"","format":"standard","meta":{"footnotes":""},"categories":[8],"tags":[872],"class_list":["post-11784","post","type-post","status-publish","format-standard","has-post-thumbnail","hentry","category-cultura","tag-victor-sacca"],"_links":{"self":[{"href":"https:\/\/muycritico.com.ar\/web\/index.php?rest_route=\/wp\/v2\/posts\/11784","targetHints":{"allow":["GET"]}}],"collection":[{"href":"https:\/\/muycritico.com.ar\/web\/index.php?rest_route=\/wp\/v2\/posts"}],"about":[{"href":"https:\/\/muycritico.com.ar\/web\/index.php?rest_route=\/wp\/v2\/types\/post"}],"author":[{"embeddable":true,"href":"https:\/\/muycritico.com.ar\/web\/index.php?rest_route=\/wp\/v2\/users\/2"}],"replies":[{"embeddable":true,"href":"https:\/\/muycritico.com.ar\/web\/index.php?rest_route=%2Fwp%2Fv2%2Fcomments&post=11784"}],"version-history":[{"count":2,"href":"https:\/\/muycritico.com.ar\/web\/index.php?rest_route=\/wp\/v2\/posts\/11784\/revisions"}],"predecessor-version":[{"id":11787,"href":"https:\/\/muycritico.com.ar\/web\/index.php?rest_route=\/wp\/v2\/posts\/11784\/revisions\/11787"}],"wp:featuredmedia":[{"embeddable":true,"href":"https:\/\/muycritico.com.ar\/web\/index.php?rest_route=\/wp\/v2\/media\/11785"}],"wp:attachment":[{"href":"https:\/\/muycritico.com.ar\/web\/index.php?rest_route=%2Fwp%2Fv2%2Fmedia&parent=11784"}],"wp:term":[{"taxonomy":"category","embeddable":true,"href":"https:\/\/muycritico.com.ar\/web\/index.php?rest_route=%2Fwp%2Fv2%2Fcategories&post=11784"},{"taxonomy":"post_tag","embeddable":true,"href":"https:\/\/muycritico.com.ar\/web\/index.php?rest_route=%2Fwp%2Fv2%2Ftags&post=11784"}],"curies":[{"name":"wp","href":"https:\/\/api.w.org\/{rel}","templated":true}]}}