{"id":11780,"date":"2025-12-10T16:07:36","date_gmt":"2025-12-10T19:07:36","guid":{"rendered":"https:\/\/muycritico.com.ar\/web\/?p=11780"},"modified":"2026-01-18T19:03:40","modified_gmt":"2026-01-18T22:03:40","slug":"emiliano-durand-muy-critico-con-bettina-romero","status":"publish","type":"post","link":"https:\/\/muycritico.com.ar\/web\/?p=11780","title":{"rendered":"EMILIANO DURAND \u201cMUY CR\u00cdTICO\u201d CON BETTINA ROMERO"},"content":{"rendered":"<p><strong>El intendente de la ciudad de Salta, Emiliano Durand, lanz\u00f3 un duro mensaje contra la exintendenta Bettina Romero, luego de que ella reapareciera con declaraciones p\u00fablicas sobre c\u00f3mo gestionar la capital provincial. El jefe comunal public\u00f3 un video en sus redes sociales en el que cuestion\u00f3 distintos aspectos de la administraci\u00f3n anterior y defendi\u00f3 las acciones realizadas en su gesti\u00f3n.<\/strong><\/p>\n<p><!--more--><\/p>\n<p>\u201cReapareci\u00f3 Bettina dando consejos sobre c\u00f3mo gobernar la ciudad\u201d, comenz\u00f3 diciendo Durand, mientras recorr\u00eda obras en la zona sudeste. Desde ese punto destac\u00f3 la iluminaci\u00f3n de canchas y trabajos de seguridad, en contraste con lo que defini\u00f3 como decisiones desacertadas de la gesti\u00f3n Romero. \u201cClavaba ciclov\u00edas en barrios sin calles asfaltadas. Tus caprichos nos salieron caros a todos los salte\u00f1os\u201d, afirm\u00f3.<\/p>\n<blockquote class=\"instagram-media\" style=\"background: #FFF; border: 0; border-radius: 3px; box-shadow: 0 0 1px 0 rgba(0,0,0,0.5),0 1px 10px 0 rgba(0,0,0,0.15); margin: 1px; max-width: 540px; min-width: 326px; padding: 0; width: calc(100% - 2px);\" data-instgrm-captioned=\"\" data-instgrm-permalink=\"https:\/\/www.instagram.com\/reel\/DSGEfIgESe_\/?utm_source=ig_embed&amp;utm_campaign=loading\" data-instgrm-version=\"14\">\n<div style=\"padding: 16px;\">\n<p>&nbsp;<\/p>\n<div style=\"display: flex; flex-direction: row; align-items: center;\">\n<div style=\"background-color: #f4f4f4; border-radius: 50%; flex-grow: 0; height: 40px; margin-right: 14px; width: 40px;\"><\/div>\n<div style=\"display: flex; flex-direction: column; flex-grow: 1; justify-content: center;\">\n<div style=\"background-color: #f4f4f4; border-radius: 4px; flex-grow: 0; height: 14px; margin-bottom: 6px; width: 100px;\"><\/div>\n<div style=\"background-color: #f4f4f4; border-radius: 4px; flex-grow: 0; height: 14px; width: 60px;\"><\/div>\n<\/div>\n<\/div>\n<div style=\"padding: 19% 0;\"><\/div>\n<div style=\"display: block; height: 50px; margin: 0 auto 12px; width: 50px;\"><\/div>\n<div style=\"padding-top: 8px;\">\n<div style=\"color: #3897f0; font-family: Arial,sans-serif; font-size: 14px; font-style: normal; font-weight: 550; line-height: 18px;\">Ver esta publicaci\u00f3n en Instagram<\/div>\n<\/div>\n<div style=\"padding: 12.5% 0;\"><\/div>\n<div style=\"display: flex; flex-direction: row; margin-bottom: 14px; align-items: center;\">\n<div>\n<div style=\"background-color: #f4f4f4; border-radius: 50%; height: 12.5px; width: 12.5px; transform: translateX(0px) translateY(7px);\"><\/div>\n<div style=\"background-color: #f4f4f4; height: 12.5px; transform: rotate(-45deg) translateX(3px) translateY(1px); width: 12.5px; flex-grow: 0; margin-right: 14px; margin-left: 2px;\"><\/div>\n<div style=\"background-color: #f4f4f4; border-radius: 50%; height: 12.5px; width: 12.5px; transform: translateX(9px) translateY(-18px);\"><\/div>\n<\/div>\n<div style=\"margin-left: 8px;\">\n<div style=\"background-color: #f4f4f4; border-radius: 50%; flex-grow: 0; height: 20px; width: 20px;\"><\/div>\n<div style=\"width: 0; height: 0; border-top: 2px solid transparent; border-left: 6px solid #f4f4f4; border-bottom: 2px solid transparent; transform: translateX(16px) translateY(-4px) rotate(30deg);\"><\/div>\n<\/div>\n<div style=\"margin-left: auto;\">\n<div style=\"width: 0px; border-top: 8px solid #F4F4F4; border-right: 8px solid transparent; transform: translateY(16px);\"><\/div>\n<div style=\"background-color: #f4f4f4; flex-grow: 0; height: 12px; width: 16px; transform: translateY(-4px);\"><\/div>\n<div style=\"width: 0; height: 0; border-top: 8px solid #F4F4F4; border-left: 8px solid transparent; transform: translateY(-4px) translateX(8px);\"><\/div>\n<\/div>\n<\/div>\n<div style=\"display: flex; flex-direction: column; flex-grow: 1; justify-content: center; margin-bottom: 24px;\">\n<div style=\"background-color: #f4f4f4; border-radius: 4px; flex-grow: 0; height: 14px; margin-bottom: 6px; width: 224px;\"><\/div>\n<div style=\"background-color: #f4f4f4; border-radius: 4px; flex-grow: 0; height: 14px; width: 144px;\"><\/div>\n<\/div>\n<p>&nbsp;<\/p>\n<p style=\"color: #c9c8cd; font-family: Arial,sans-serif; font-size: 14px; line-height: 17px; margin-bottom: 0; margin-top: 8px; overflow: hidden; padding: 8px 0 7px; text-align: center; text-overflow: ellipsis; white-space: nowrap;\"><a style=\"color: #c9c8cd; font-family: Arial,sans-serif; font-size: 14px; font-style: normal; font-weight: normal; line-height: 17px; text-decoration: none;\" href=\"https:\/\/www.instagram.com\/reel\/DSGEfIgESe_\/?utm_source=ig_embed&amp;utm_campaign=loading\" target=\"_blank\" rel=\"noopener\">Una publicaci\u00f3n compartida por Muy Critico (@muycriticodigital)<\/a><\/p>\n<\/div>\n<\/blockquote>\n<p><script async src=\"\/\/www.instagram.com\/embed.js\"><\/script><\/p>\n<p>Durand sostuvo que mientras la exintendenta destinaba recursos a compras est\u00e9ticas, su gesti\u00f3n apuesta a generar empleo genuino. \u201cCuando vos comprabas macetas, nosotros hacemos f\u00e1bricas para que la gente pueda trabajar\u201d, expres\u00f3. Tambi\u00e9n enumer\u00f3 obras inconclusas que, seg\u00fan indic\u00f3, su administraci\u00f3n debi\u00f3 finalizar.<\/p>\n<p>Entre ellas mencion\u00f3 el canal de Yrigoyen: \u201cLo anunciaste como megaobra y lo dejaste abandonado; lo terminamos nosotros en dos a\u00f1os\u201d. Tambi\u00e9n critic\u00f3 la remodelaci\u00f3n de la plaza 9 de Julio, que \u2014seg\u00fan afirm\u00f3\u2014 demand\u00f3 una inversi\u00f3n millonaria durante la gesti\u00f3n Romero pero qued\u00f3 inconclusa. \u201cLa terminamos nosotros\u201d, se\u00f1al\u00f3.<\/p>\n<p>Otro punto fuerte fue la referencia a la plaza de La exPal\u00fadica, donde cuestion\u00f3 el uso de la imagen personal en la gesti\u00f3n anterior. \u201cLa llenaste con tu cara. Hoy es una plaza sin la cara de nadie\u201d, dijo. Incluso dej\u00f3 entrever que Romero habr\u00eda buscado empleo recientemente: \u201cFuiste a dejar el curr\u00edculum en la Libertad Avanza\u201d, expres\u00f3 en tono cr\u00edtico.<\/p>\n<p>Durand tambi\u00e9n habl\u00f3 del estado en el que, seg\u00fan \u00e9l, recibi\u00f3 el municipio: calles deterioradas, luminarias obsoletas y maquinaria en mal estado. \u201cLas luces eran todas de sodio, no clavaste una LED. La municipalidad no ten\u00eda con qu\u00e9 trabajar\u201d, asegur\u00f3.<\/p>\n<p>El tramo m\u00e1s grave de sus acusaciones fue el referido a bienes destinados a personas con discapacidad. \u201cSe robaron las cosas de los discapacitados antes de irse, vaciaron los galpones. Y fue tu primo Fay\u00f3n\u201d, denunci\u00f3, sin dar m\u00e1s detalles.<\/p>\n<p>Finalmente, el intendente pidi\u00f3 a la exjefa comunal dejar de obstaculizar. \u201cYo estoy enfocado en trabajar y resolver problemas. Pero basta, Bettina. Ponete a trabajar vos tambi\u00e9n. No seas m\u00e1s parte de los problemas de los salte\u00f1os\u201d, cerr\u00f3.<\/p>\n","protected":false},"excerpt":{"rendered":"<p>El intendente de la ciudad de Salta, Emiliano Durand, lanz\u00f3 un duro mensaje contra la exintendenta Bettina Romero, luego de que ella reapareciera con declaraciones p\u00fablicas sobre c\u00f3mo gestionar la capital provincial. El jefe comunal public\u00f3 un video en sus redes sociales en el que cuestion\u00f3 distintos aspectos de la administraci\u00f3n anterior y defendi\u00f3 las [&hellip;]<\/p>\n","protected":false},"author":2,"featured_media":11781,"comment_status":"open","ping_status":"closed","sticky":false,"template":"","format":"standard","meta":{"footnotes":""},"categories":[6],"tags":[48,187,872],"class_list":["post-11780","post","type-post","status-publish","format-standard","has-post-thumbnail","hentry","category-notas","tag-bettina-romero","tag-emiliano-durand","tag-victor-sacca"],"_links":{"self":[{"href":"https:\/\/muycritico.com.ar\/web\/index.php?rest_route=\/wp\/v2\/posts\/11780","targetHints":{"allow":["GET"]}}],"collection":[{"href":"https:\/\/muycritico.com.ar\/web\/index.php?rest_route=\/wp\/v2\/posts"}],"about":[{"href":"https:\/\/muycritico.com.ar\/web\/index.php?rest_route=\/wp\/v2\/types\/post"}],"author":[{"embeddable":true,"href":"https:\/\/muycritico.com.ar\/web\/index.php?rest_route=\/wp\/v2\/users\/2"}],"replies":[{"embeddable":true,"href":"https:\/\/muycritico.com.ar\/web\/index.php?rest_route=%2Fwp%2Fv2%2Fcomments&post=11780"}],"version-history":[{"count":3,"href":"https:\/\/muycritico.com.ar\/web\/index.php?rest_route=\/wp\/v2\/posts\/11780\/revisions"}],"predecessor-version":[{"id":11788,"href":"https:\/\/muycritico.com.ar\/web\/index.php?rest_route=\/wp\/v2\/posts\/11780\/revisions\/11788"}],"wp:featuredmedia":[{"embeddable":true,"href":"https:\/\/muycritico.com.ar\/web\/index.php?rest_route=\/wp\/v2\/media\/11781"}],"wp:attachment":[{"href":"https:\/\/muycritico.com.ar\/web\/index.php?rest_route=%2Fwp%2Fv2%2Fmedia&parent=11780"}],"wp:term":[{"taxonomy":"category","embeddable":true,"href":"https:\/\/muycritico.com.ar\/web\/index.php?rest_route=%2Fwp%2Fv2%2Fcategories&post=11780"},{"taxonomy":"post_tag","embeddable":true,"href":"https:\/\/muycritico.com.ar\/web\/index.php?rest_route=%2Fwp%2Fv2%2Ftags&post=11780"}],"curies":[{"name":"wp","href":"https:\/\/api.w.org\/{rel}","templated":true}]}}