{"id":11777,"date":"2025-12-10T15:58:42","date_gmt":"2025-12-10T18:58:42","guid":{"rendered":"https:\/\/muycritico.com.ar\/web\/?p=11777"},"modified":"2026-01-18T19:03:40","modified_gmt":"2026-01-18T22:03:40","slug":"finalizo-la-primera-etapa-de-formacion-en-inteligencia-artificial-para-agentes-del-estado-provincial","status":"publish","type":"post","link":"https:\/\/muycritico.com.ar\/web\/?p=11777","title":{"rendered":"FINALIZ\u00d3 LA PRIMERA ETAPA DE FORMACI\u00d3N EN INTELIGENCIA ARTIFICIAL PARA AGENTES DEL ESTADO PROVINCIAL"},"content":{"rendered":"<p><strong>Doscientos trabajadores p\u00fablicos recibieron su certificaci\u00f3n. Se anunci\u00f3 una segunda etapa m\u00e1s avanzada del curso, con el objetivo de fortalecer un Estado m\u00e1s eficiente y presente.<\/strong><\/p>\n<p><!--more--><\/p>\n<p>El Ministerio de Econom\u00eda y Servicios P\u00fablicos y la Universidad Nacional de Salta culminaron la primera etapa del curso \u201cInteligencia Artificial y su aplicaci\u00f3n en la Administraci\u00f3n P\u00fablica\u201d, una instancia de formaci\u00f3n destinada a profesionales y agentes del sector p\u00fablico provincial. En total, 200 trabajadores recibieron su certificado tras completar la capacitaci\u00f3n.<\/p>\n<p>El curso, de modalidad bimodal (presencial y virtual), se dict\u00f3 en la Facultad de Ciencias Econ\u00f3micas, Jur\u00eddicas y Sociales y estuvo orientado a fortalecer capacidades t\u00e9cnicas y de gesti\u00f3n, sin requerir conocimientos previos en programaci\u00f3n ni inteligencia artificial.<\/p>\n<p>Durante el acto de cierre, el ministro Roberto Dib Ashur anunci\u00f3 que ya se proyecta una nueva cohorte en un nivel superior.<\/p>\n<p>\u201cSo\u00f1amos con un Estado presente y eficiente, por eso este tipo de formaciones\u201d, afirm\u00f3.<\/p>\n<p>Por su parte, Elizabeth Safar, coordinadora del Ministerio de Econom\u00eda y Servicios P\u00fablicos, destac\u00f3 el impacto de la iniciativa:<\/p>\n<p>\u201cHoy concluimos con mucho \u00e9xito el primer curso sobre Inteligencia Artificial, una actividad articulada entre la Facultad de Ciencias Econ\u00f3micas, Jur\u00eddicas y Sociales y el Ministerio de Econom\u00eda. Contamos con una gran participaci\u00f3n y motivaci\u00f3n. Lo que se pretende es que estos aprendizajes se apliquen al trabajo diario. Estamos a los albores de la Cuarta Revoluci\u00f3n Industrial, por lo cual la tecnolog\u00eda, la inteligencia artificial y el gobierno digital deben tomarse como paradigmas de este nuevo cambio social\u201d.<\/p>\n<p><iframe loading=\"lazy\" title=\"Finaliz\u00f3 la primera etapa de formaci\u00f3n en Inteligencia Artificial para agentes del Estado provincial\" width=\"696\" height=\"392\" src=\"https:\/\/www.youtube.com\/embed\/tNjMaz9gRng?feature=oembed\" frameborder=\"0\" allow=\"accelerometer; autoplay; clipboard-write; encrypted-media; gyroscope; picture-in-picture; web-share\" referrerpolicy=\"strict-origin-when-cross-origin\" allowfullscreen><\/iframe><\/p>\n<p>A su vez, la decana de la Facultad de Ciencias Econ\u00f3micas, Teodolina Zuvir\u00eda, subray\u00f3 la importancia de la vinculaci\u00f3n entre la universidad y el Estado:<\/p>\n<p>\u201cEstablecer este tipo de estrategias conjuntas permite derribar muros y llevar nuestro conocimiento a la sociedad. La inteligencia artificial lleg\u00f3 para quedarse y debemos ponerla a disposici\u00f3n del gobierno para hacerlo m\u00e1s eficiente, liberando recursos y optimizando la gesti\u00f3n de datos en beneficio del ciudadano\u201d.<\/p>\n<p>Finalmente, Mar\u00eda Teresa Di Pascuo, agente de la USI del Ministerio de Educaci\u00f3n, Cultura, Ciencia y Tecnolog\u00eda, remarc\u00f3 el rol humano en estos procesos:<\/p>\n<p>\u201cLa tecnolog\u00eda viene a colaborar con nuestra tarea, pero siempre es fundamental el criterio del profesional interviniente, el sentido com\u00fan y las capacidades personales y profesionales que aporta cada trabajador\u201d.<\/p>\n<p>La segunda etapa de este programa de formaci\u00f3n avanzar\u00e1 en contenidos espec\u00edficos y aplicaciones pr\u00e1cticas, consolidando el compromiso provincial por un Estado innovador, moderno y al servicio de la ciudadan\u00eda.<\/p>\n","protected":false},"excerpt":{"rendered":"<p>Doscientos trabajadores p\u00fablicos recibieron su certificaci\u00f3n. Se anunci\u00f3 una segunda etapa m\u00e1s avanzada del curso, con el objetivo de fortalecer un Estado m\u00e1s eficiente y presente.<\/p>\n","protected":false},"author":2,"featured_media":11778,"comment_status":"open","ping_status":"closed","sticky":false,"template":"","format":"standard","meta":{"footnotes":""},"categories":[6],"tags":[872],"class_list":["post-11777","post","type-post","status-publish","format-standard","has-post-thumbnail","hentry","category-notas","tag-victor-sacca"],"_links":{"self":[{"href":"https:\/\/muycritico.com.ar\/web\/index.php?rest_route=\/wp\/v2\/posts\/11777","targetHints":{"allow":["GET"]}}],"collection":[{"href":"https:\/\/muycritico.com.ar\/web\/index.php?rest_route=\/wp\/v2\/posts"}],"about":[{"href":"https:\/\/muycritico.com.ar\/web\/index.php?rest_route=\/wp\/v2\/types\/post"}],"author":[{"embeddable":true,"href":"https:\/\/muycritico.com.ar\/web\/index.php?rest_route=\/wp\/v2\/users\/2"}],"replies":[{"embeddable":true,"href":"https:\/\/muycritico.com.ar\/web\/index.php?rest_route=%2Fwp%2Fv2%2Fcomments&post=11777"}],"version-history":[{"count":1,"href":"https:\/\/muycritico.com.ar\/web\/index.php?rest_route=\/wp\/v2\/posts\/11777\/revisions"}],"predecessor-version":[{"id":11779,"href":"https:\/\/muycritico.com.ar\/web\/index.php?rest_route=\/wp\/v2\/posts\/11777\/revisions\/11779"}],"wp:featuredmedia":[{"embeddable":true,"href":"https:\/\/muycritico.com.ar\/web\/index.php?rest_route=\/wp\/v2\/media\/11778"}],"wp:attachment":[{"href":"https:\/\/muycritico.com.ar\/web\/index.php?rest_route=%2Fwp%2Fv2%2Fmedia&parent=11777"}],"wp:term":[{"taxonomy":"category","embeddable":true,"href":"https:\/\/muycritico.com.ar\/web\/index.php?rest_route=%2Fwp%2Fv2%2Fcategories&post=11777"},{"taxonomy":"post_tag","embeddable":true,"href":"https:\/\/muycritico.com.ar\/web\/index.php?rest_route=%2Fwp%2Fv2%2Ftags&post=11777"}],"curies":[{"name":"wp","href":"https:\/\/api.w.org\/{rel}","templated":true}]}}