{"id":11770,"date":"2025-12-10T15:24:59","date_gmt":"2025-12-10T18:24:59","guid":{"rendered":"https:\/\/muycritico.com.ar\/web\/?p=11770"},"modified":"2026-01-18T19:03:41","modified_gmt":"2026-01-18T22:03:41","slug":"sorteo-de-la-liga-profesional-2026-un-streaming-inesperado-premisas-conocidas-y-una-explicacion-confusa","status":"publish","type":"post","link":"https:\/\/muycritico.com.ar\/web\/?p=11770","title":{"rendered":"SORTEO DE LA LIGA PROFESIONAL 2026: UN STREAMING INESPERADO, PREMISAS CONOCIDAS Y UNA EXPLICACI\u00d3N CONFUSA"},"content":{"rendered":"<p><strong>Los equipos de primera ya saben qui\u00e9nes ser\u00e1n sus rivales de grupo y los interzonales; m\u00e1s tarde, el fixture. Foto: La Naci\u00f3n<\/strong><\/p>\n<p><!--more--><\/p>\n<p>El sorteo de las zonas de la Liga Profesional 2026 no iba a tener televisaci\u00f3n y se iba a realizar ayer, martes, en el predio Lionel Andr\u00e9s Messi, de Ezeiza. Sin embargo, los allanamientos de la Justicia en el marco de la causa Sur Finanzas (cuyo logo sigue apareciendo como uno de los sponsors de la competencia) y sus derivados hicieron que todo se postergara para el mediod\u00eda de hoy. No estaba previsto que hubiera c\u00e1maras en el recinto, donde se producir\u00eda el reencuentro de Claudio \u201cChiqui\u201d Tapia con los dirigentes de la m\u00e1xima categor\u00eda tras la copa entregada a Rosario Central, el \u201cespaldazo\u201d de Estudiantes de La Plata y el viaje del presidente al sorteo del Mundial.<\/p>\n<p>Sin embargo, el encargado de generar la transmisi\u00f3n en streaming en vivo de los eventos en el predio -como las asambleas anuales- recibi\u00f3 un llamado en la ma\u00f1ana de hoy y parti\u00f3 hacia el lugar. En medio de los cuestionamientos a la transparencia y el reclamo generalizado de los hinchas, la Liga -y la AFA- decidieron que hubiera c\u00e1maras. Pasadas las 10 de la ma\u00f1ana, el primer aviso: un link hacia un posteo oficial en el perfil de la Liga Profesional en X derivaba hacia la transmisi\u00f3n oficial del sorteo.<\/p>\n<p>El primero horario era a las 10.40. El segundo, a las 11. M\u00e1s tarde, una tercera hora: 11.50, cerca del mediod\u00eda y pegado al horario estipulado para el sorteo de la Copa Argentina, que tambi\u00e9n se realiz\u00f3 este mi\u00e9rcoles en Ezeiza. Seg\u00fan pudo reconstruir LA NACION, la explicaci\u00f3n de la demora se basa en cuestiones t\u00e9cnicas, ya que hasta el martes no estaba prevista la presencia de c\u00e1maras.<\/p>\n<p>Hubo un momento para la improvisaci\u00f3n. Fue luego de definidas las zonas, y mientras se preparaba todo para resolver los interzonales. Tapia se acomodaba el saco y miraba su celular. Los dirigentes esperaban. \u201c\u00bfPuedo hacer preguntas a dos ex jugadores que est\u00e1n del otro lado del mostrador?\u201c, pregunt\u00f3 Miguel \u00c1ngel \u201cChiqui&#8221; Rubio, jefe de prensa de la Liga. Se refer\u00eda a Marcelo \u201cChelo\u201d Delgado (Boca) y a Diego Milito (Racing): \u201cEl Chelo se pone blanco\u201d, dijo Rubio al acercarse con el micr\u00f3fono.<\/p>\n<p>\u201cLa verdad es que no le daba mucha importancia\u201d, respondi\u00f3 Delgado ante la consulta sobre el sorteo. Tapia y Pablo Toviggino, quienes observaban la escena desde el estrado, sonre\u00edan. \u201cY ahora s\u00ed le doy bola. Es dif\u00edcil\u201d, blanque\u00f3 Delgado. Antes de preguntarle a Milito, el Chelo cont\u00f3 que es amigo del presidente de Racing, y que jugaron juntos en la Academia. Todo en un ambiente distendido. \u201cSiempre mir\u00e1bamos el fixture\u201d, se desmarc\u00f3 Milito. Y agreg\u00f3: \u201cEl cl\u00e1sico es lo primero que mir\u00e1bamos\u201d. Y record\u00f3 un gol que le hizo a Independiente gracias a la ayuda de Delgado. \u201cDejalo, dejalo\u201d, requiri\u00f3 Carlos Monta\u00f1a, representante de los Rojos en el sorteo. Apenas, una chicana.<\/p>\n<blockquote class=\"twitter-tweet\">\n<p dir=\"ltr\" lang=\"es\">\ud83d\udcdd\ud83c\udfc6 \u00a1Todo listo para la Temporada 2026! As\u00ed quedaron definidas las Zonas A y B para los Torneos Apertura y Clausura del pr\u00f3ximo a\u00f1o. <a href=\"https:\/\/t.co\/H7bG6qHljk\">pic.twitter.com\/H7bG6qHljk<\/a><\/p>\n<p>\u2014 Liga Profesional de F\u00fatbol (@LigaAFA) <a href=\"https:\/\/twitter.com\/LigaAFA\/status\/1998775365083292036?ref_src=twsrc%5Etfw\">December 10, 2025<\/a><\/p><\/blockquote>\n<p><script async src=\"https:\/\/platform.twitter.com\/widgets.js\" charset=\"utf-8\"><\/script><\/p>\n<p><strong>Explicaci\u00f3n confusa<\/strong><\/p>\n<p>La Liga Profesional tambi\u00e9n public\u00f3 una p\u00e1gina en la que detall\u00f3 el mecanismo del sorteo. Por un lado, el encabezado tuvo durante varios minutos un error de tipeo: \u201cSe definen las zonas para la temporada 20226\u2033, se ley\u00f3. Por el otro, la explicaci\u00f3n del formato de la competencia que fue publicada es err\u00f3nea. Al igual que en la temporada actual, en 2026 cada equipo disputar\u00e1 16 partidos en la fase de grupos: 14 contra sus rivales de zona. Uno m\u00e1s contra el cl\u00e1sico -los 30 escudos fueron asignados con rivales cl\u00e1sicos, que estar\u00e1n en zonas diferentes- y el restante contra un equipo de la otra zona, que ser\u00e1 el \u201cInterzonal\u201d. Habr\u00e1 un interzonal por fecha para llegar a los 16 encuentros estipulados.<\/p>\n<p>En la p\u00e1gina de la liga, en cambio, se ley\u00f3 lo siguiente: \u201cFormatos definidos:2 zonas de 15 equipos cada una. Fase de Grupos, en la que se disputen 16 partidos. Playoffs con cuatro instancias: Octavos, Cuartos, Semifinales y Final\u201d. M\u00e1s abajo, un agregado que confunde: \u201cCantidad de partidos: 14 partidos contra los equipos de la misma zona.1 Interzonal contra Equipo Cl\u00e1sico, seg\u00fan los criterios de las consideraciones generales\u201d. Si son 16 encuentros en total el \u201cinterzonal\u201d no es el \u201ccl\u00e1sico\u201d, tal como ocurri\u00f3 esta temporada. Se olvidaron del llamado \u201cinterzonal adicional\u201d a la hora de explicar las premisas, en el que s\u00ed repar\u00f3 Francisco Duarte, CEO de la Liga, a la hora de explicar el formato en la transmisi\u00f3n oficial.<\/p>\n<p>Asimismo, la Liga estipul\u00f3 las parejas de equipos cl\u00e1sicos, que estar\u00e1n en zonas diferentes: Newell\u2019s-Rosario Central; Hurac\u00e1n-San Lorenzo; Aldosivi-Defensa y Justicia; Independiente-Racing; Belgrano-Talleres; Argentinos vs. Platense; Sarmiento-Uni\u00f3n; Barracas Central-Deportivo Riestra; Banfield-Lan\u00fas; Boca-River; Estudiantes (R\u00edo Cuarto)-Instituto; Tigre-V\u00e9lez; Estudiantes-Gimnasia (La Plata); Atl\u00e9tico Tucum\u00e1n-Central C\u00f3rdoba (Santiago del Estero); Gimnasia (Mendoza)-Independiente Rivadavia (Mendoza).<\/p>\n<p>Adem\u00e1s, la Liga explic\u00f3 los requerimientos de las autoridades de seguridad que servir\u00edan como premisas para el sorteo: los organismos de seguridad pidieron una \u201cdistribuci\u00f3n homog\u00e9nea de equipos (y su consecuente cantidad de partidos) en la misma jurisdicci\u00f3n\u201d. Las se\u00f1ales televisivas, por su parte, reclamaron una \u201cdistribuci\u00f3n homog\u00e9nea de Cl\u00e1sicos durante toda la competencia, de manera de potenciar el atractivo del producto durante todo el Torneo\u201d. Y \u201cque se programe un Cl\u00e1sico por fecha de manera de distribuir los partidos m\u00e1s atrayentes en la mayor cantidad de fines de semana. Adem\u00e1s, pidieron que no se programen Cl\u00e1sicos en las primeras fechas\u201d.<\/p>\n<p>Adem\u00e1s, la Liga recalc\u00f3 que los pedidos de los clubes para usar sus estadios para otros fines -recitales, por ejemplo- \u201cdeben estar debidamente solicitados, con la antelaci\u00f3n suficiente y enmarcados en los reglamentos de AFA y Liga Profesional\u201d.<\/p>\n<p>A pedido de socios, la Liga \u201cmantendr\u00e1 el orden de local\u00eda de los cl\u00e1sicos con respecto a la temporada anterior. Es decir que si el equipo 1 fue visitante en el Clausura 2025, ahora deber\u00e1 ser local. Adem\u00e1s, se respetar\u00e1 que el partido cl\u00e1sico no sea programado entre semana, sino que se juegue en los fines de semana&#8221;.<\/p>\n<p>Para resolver todos estos criterios, la Liga Profesional asign\u00f3 de forma directa a diez parejas de equipos (20 clubes) en las zonas A y B. As\u00ed, en rigor, el sorteo s\u00f3lo tuvo relevancia para los restantes diez equipos: Banfield-Lan\u00fas, Newell\u2019s-Rosario Central, Sarmiento-Uni\u00f3n, Atl\u00e9tico Tucum\u00e1n-Central C\u00f3rdoba (Santiago del Estero) y Aldosivi-Defensa y Justicia. Por lo tanto, el verdadero sorteo de las zonas implic\u00f3 a la tercera parte de los equipos de la Liga Profesional. El resto fue ubicado por designaci\u00f3n directa teniendo en cuenta diferentes requerimientos.<\/p>\n","protected":false},"excerpt":{"rendered":"<p>Los equipos de primera ya saben qui\u00e9nes ser\u00e1n sus rivales de grupo y los interzonales; m\u00e1s tarde, el fixture. Foto: La Naci\u00f3n<\/p>\n","protected":false},"author":2,"featured_media":11771,"comment_status":"open","ping_status":"closed","sticky":false,"template":"","format":"standard","meta":{"footnotes":""},"categories":[6],"tags":[872],"class_list":["post-11770","post","type-post","status-publish","format-standard","has-post-thumbnail","hentry","category-notas","tag-victor-sacca"],"_links":{"self":[{"href":"https:\/\/muycritico.com.ar\/web\/index.php?rest_route=\/wp\/v2\/posts\/11770","targetHints":{"allow":["GET"]}}],"collection":[{"href":"https:\/\/muycritico.com.ar\/web\/index.php?rest_route=\/wp\/v2\/posts"}],"about":[{"href":"https:\/\/muycritico.com.ar\/web\/index.php?rest_route=\/wp\/v2\/types\/post"}],"author":[{"embeddable":true,"href":"https:\/\/muycritico.com.ar\/web\/index.php?rest_route=\/wp\/v2\/users\/2"}],"replies":[{"embeddable":true,"href":"https:\/\/muycritico.com.ar\/web\/index.php?rest_route=%2Fwp%2Fv2%2Fcomments&post=11770"}],"version-history":[{"count":1,"href":"https:\/\/muycritico.com.ar\/web\/index.php?rest_route=\/wp\/v2\/posts\/11770\/revisions"}],"predecessor-version":[{"id":11772,"href":"https:\/\/muycritico.com.ar\/web\/index.php?rest_route=\/wp\/v2\/posts\/11770\/revisions\/11772"}],"wp:featuredmedia":[{"embeddable":true,"href":"https:\/\/muycritico.com.ar\/web\/index.php?rest_route=\/wp\/v2\/media\/11771"}],"wp:attachment":[{"href":"https:\/\/muycritico.com.ar\/web\/index.php?rest_route=%2Fwp%2Fv2%2Fmedia&parent=11770"}],"wp:term":[{"taxonomy":"category","embeddable":true,"href":"https:\/\/muycritico.com.ar\/web\/index.php?rest_route=%2Fwp%2Fv2%2Fcategories&post=11770"},{"taxonomy":"post_tag","embeddable":true,"href":"https:\/\/muycritico.com.ar\/web\/index.php?rest_route=%2Fwp%2Fv2%2Ftags&post=11770"}],"curies":[{"name":"wp","href":"https:\/\/api.w.org\/{rel}","templated":true}]}}