{"id":11767,"date":"2025-12-10T15:02:52","date_gmt":"2025-12-10T18:02:52","guid":{"rendered":"https:\/\/muycritico.com.ar\/web\/?p=11767"},"modified":"2026-01-18T19:03:41","modified_gmt":"2026-01-18T22:03:41","slug":"la-policia-realiza-controles-preventivos-para-el-cumplimiento-de-la-ley-pirotecnia-sonora-cero","status":"publish","type":"post","link":"https:\/\/muycritico.com.ar\/web\/?p=11767","title":{"rendered":"LA POLIC\u00cdA REALIZA CONTROLES PREVENTIVOS PARA EL CUMPLIMIENTO DE LA LEY \u201cPIROTECNIA SONORA CERO\u201d"},"content":{"rendered":"<p><strong>El secretario de Seguridad, Nicol\u00e1s Avellaneda, se reuni\u00f3 con padres de ni\u00f1os con Trastornos del Espectro Autista en Salta e inform\u00f3 sobre el trabajo diagramado por la Polic\u00eda para prevenir el uso ilegal de los elementos pirot\u00e9cnicos que afectan la salud de distintos sectores de la poblaci\u00f3n.<\/strong><\/p>\n<p><!--more--><\/p>\n<p>El secretario de Seguridad, Nicol\u00e1s Avellaneda, se reuni\u00f3 con los representantes del grupo de padres de ni\u00f1os con Trastornos del Espectro Autista (TEA Salta), Luis Gonz\u00e1lez y Carlos Ovejero a fin de atender sus inquietudes e interiorizarlos sobre el trabajo que realiza la Polic\u00eda de Salta para dar cumplimiento a la Ley Provincial 8340 que\u00a0 proh\u00edbe la tenencia, uso y comercializaci\u00f3n de pirotecnia con efectos sonoros en defensa de los derechos de quienes se ven afectados por el uso de estos elementos.<\/p>\n<p>Los representantes de la Fundaci\u00f3n TEA Salta, expresaron su acompa\u00f1amiento a todas las acciones preventivas que impulsan las autoridades provinciales para generar un cambio cultural en un marco de respeto por el pr\u00f3jimo y el cuidado tanto de la salud de los ni\u00f1os, adultos mayores y animales de compa\u00f1\u00eda.<\/p>\n<p>Bomberos de la Polic\u00eda, dieron precisiones del trabajo de concientizaci\u00f3n que se realiza en el marco de los controles comerciales, e inst\u00f3 a la comunidad a colaborar reportando al sistema de Emergencias 911 lugares donde se comercialice o utilice pirotecnia sonora. Tambi\u00e9n pueden realizar denuncias web utilizando el sistema denunciasweb.gob.ar<\/p>\n<p>Participaron de la reuni\u00f3n los coordinadores de la Secretar\u00eda de Seguridad Francis Mir y Rogelio Saravia Toledo y por la Direcci\u00f3n Bomberos, el jefe de la Divisi\u00f3n Inspecci\u00f3n y Asesoramiento T\u00e9cnico, An\u00edbal Rodr\u00edguez junto a Leandro Guti\u00e9rrez.<\/p>\n","protected":false},"excerpt":{"rendered":"<p>El secretario de Seguridad, Nicol\u00e1s Avellaneda, se reuni\u00f3 con padres de ni\u00f1os con Trastornos del Espectro Autista en Salta e inform\u00f3 sobre el trabajo diagramado por la Polic\u00eda para prevenir el uso ilegal de los elementos pirot\u00e9cnicos que afectan la salud de distintos sectores de la poblaci\u00f3n.<\/p>\n","protected":false},"author":2,"featured_media":11768,"comment_status":"open","ping_status":"closed","sticky":false,"template":"","format":"standard","meta":{"footnotes":""},"categories":[6],"tags":[872],"class_list":["post-11767","post","type-post","status-publish","format-standard","has-post-thumbnail","hentry","category-notas","tag-victor-sacca"],"_links":{"self":[{"href":"https:\/\/muycritico.com.ar\/web\/index.php?rest_route=\/wp\/v2\/posts\/11767","targetHints":{"allow":["GET"]}}],"collection":[{"href":"https:\/\/muycritico.com.ar\/web\/index.php?rest_route=\/wp\/v2\/posts"}],"about":[{"href":"https:\/\/muycritico.com.ar\/web\/index.php?rest_route=\/wp\/v2\/types\/post"}],"author":[{"embeddable":true,"href":"https:\/\/muycritico.com.ar\/web\/index.php?rest_route=\/wp\/v2\/users\/2"}],"replies":[{"embeddable":true,"href":"https:\/\/muycritico.com.ar\/web\/index.php?rest_route=%2Fwp%2Fv2%2Fcomments&post=11767"}],"version-history":[{"count":1,"href":"https:\/\/muycritico.com.ar\/web\/index.php?rest_route=\/wp\/v2\/posts\/11767\/revisions"}],"predecessor-version":[{"id":11769,"href":"https:\/\/muycritico.com.ar\/web\/index.php?rest_route=\/wp\/v2\/posts\/11767\/revisions\/11769"}],"wp:featuredmedia":[{"embeddable":true,"href":"https:\/\/muycritico.com.ar\/web\/index.php?rest_route=\/wp\/v2\/media\/11768"}],"wp:attachment":[{"href":"https:\/\/muycritico.com.ar\/web\/index.php?rest_route=%2Fwp%2Fv2%2Fmedia&parent=11767"}],"wp:term":[{"taxonomy":"category","embeddable":true,"href":"https:\/\/muycritico.com.ar\/web\/index.php?rest_route=%2Fwp%2Fv2%2Fcategories&post=11767"},{"taxonomy":"post_tag","embeddable":true,"href":"https:\/\/muycritico.com.ar\/web\/index.php?rest_route=%2Fwp%2Fv2%2Ftags&post=11767"}],"curies":[{"name":"wp","href":"https:\/\/api.w.org\/{rel}","templated":true}]}}