{"id":11765,"date":"2025-12-10T10:47:51","date_gmt":"2025-12-10T13:47:51","guid":{"rendered":"https:\/\/muycritico.com.ar\/web\/?p=11765"},"modified":"2026-01-18T19:03:41","modified_gmt":"2026-01-18T22:03:41","slug":"farquharson-bettina-es-un-modelo-de-gestion-que-fracaso","status":"publish","type":"post","link":"https:\/\/muycritico.com.ar\/web\/?p=11765","title":{"rendered":"FARQUHARSON: \u201cBETTINA ES UN MODELO DE GESTI\u00d3N QUE FRACAS\u00d3\u201d"},"content":{"rendered":"<p><strong>El concejal Gustavo Farquharson critic\u00f3 duramente la administraci\u00f3n de la exintendenta y afirm\u00f3 que la ciudad a\u00fan enfrenta las consecuencias de \u201cimprovisaciones y prioridades equivocadas\u201d.<\/strong><\/p>\n<p><!--more--><\/p>\n<p>El concejal capitalino Gustavo Farquharson se sum\u00f3 a las voces cr\u00edticas hacia la exintendenta Bettina Romero y asegur\u00f3 que su paso por la Municipalidad \u201cfue un modelo de gesti\u00f3n que fracas\u00f3\u201d. Seg\u00fan se\u00f1al\u00f3, la ciudad todav\u00eda est\u00e1 afrontando los efectos de decisiones tomadas en aquel per\u00edodo.<\/p>\n<p>\u201cLa gesti\u00f3n de Bettina Romero dej\u00f3 a la ciudad en una situaci\u00f3n que todav\u00eda estamos pagando. Su paso por la Municipalidad no fue una administraci\u00f3n: fue una sucesi\u00f3n de improvisaciones, prioridades equivocadas y decisiones que perjudicaron directamente a los vecinos\u201d, afirm\u00f3 el edil.<\/p>\n<p>Farquharson sostuvo que durante ese gobierno \u201cse desaprovecharon recursos, se tomaron decisiones sin planificaci\u00f3n y se anunciaron obras que quedaban a medias o ni siquiera empezaban\u201d, lo que, a su entender, deriv\u00f3 en un retroceso para la ciudad. \u201cSe gobern\u00f3 con marketing y no con gesti\u00f3n\u201d, agreg\u00f3.<\/p>\n<p>El concejal tambi\u00e9n cuestion\u00f3 la falta de claridad en el manejo de fondos p\u00fablicos y el enfoque comunicacional de la entonces intendenta. \u201cHubo contrataciones que generaron sospechas, poca transparencia y una comunicaci\u00f3n oficial dise\u00f1ada para ocultar problemas, no para resolverlos\u201d, afirm\u00f3.<\/p>\n<p>Seg\u00fan Farquharson, los barrios m\u00e1s vulnerados fueron los m\u00e1s afectados durante esa administraci\u00f3n. \u201cMientras se gastaba en campa\u00f1as de imagen, miles de vecinos segu\u00edan sin acceso a servicios b\u00e1sicos, con calles destruidas y microbasurales que nadie atend\u00eda\u201d, expres\u00f3.<\/p>\n<p>En contraste, el edil asegur\u00f3 que la actual gesti\u00f3n y el espacio que integra apunta a \u201ctransparencia, eficiencia y soluciones reales para los salte\u00f1os\u201d. Y concluy\u00f3: \u201cLo que Salta necesita es gesti\u00f3n, no marketing\u201d.<\/p>\n","protected":false},"excerpt":{"rendered":"<p>El concejal Gustavo Farquharson critic\u00f3 duramente la administraci\u00f3n de la exintendenta y afirm\u00f3 que la ciudad a\u00fan enfrenta las consecuencias de \u201cimprovisaciones y prioridades equivocadas\u201d.<\/p>\n","protected":false},"author":2,"featured_media":2334,"comment_status":"open","ping_status":"closed","sticky":false,"template":"","format":"standard","meta":{"footnotes":""},"categories":[6],"tags":[872],"class_list":["post-11765","post","type-post","status-publish","format-standard","has-post-thumbnail","hentry","category-notas","tag-victor-sacca"],"_links":{"self":[{"href":"https:\/\/muycritico.com.ar\/web\/index.php?rest_route=\/wp\/v2\/posts\/11765","targetHints":{"allow":["GET"]}}],"collection":[{"href":"https:\/\/muycritico.com.ar\/web\/index.php?rest_route=\/wp\/v2\/posts"}],"about":[{"href":"https:\/\/muycritico.com.ar\/web\/index.php?rest_route=\/wp\/v2\/types\/post"}],"author":[{"embeddable":true,"href":"https:\/\/muycritico.com.ar\/web\/index.php?rest_route=\/wp\/v2\/users\/2"}],"replies":[{"embeddable":true,"href":"https:\/\/muycritico.com.ar\/web\/index.php?rest_route=%2Fwp%2Fv2%2Fcomments&post=11765"}],"version-history":[{"count":1,"href":"https:\/\/muycritico.com.ar\/web\/index.php?rest_route=\/wp\/v2\/posts\/11765\/revisions"}],"predecessor-version":[{"id":11766,"href":"https:\/\/muycritico.com.ar\/web\/index.php?rest_route=\/wp\/v2\/posts\/11765\/revisions\/11766"}],"wp:featuredmedia":[{"embeddable":true,"href":"https:\/\/muycritico.com.ar\/web\/index.php?rest_route=\/wp\/v2\/media\/2334"}],"wp:attachment":[{"href":"https:\/\/muycritico.com.ar\/web\/index.php?rest_route=%2Fwp%2Fv2%2Fmedia&parent=11765"}],"wp:term":[{"taxonomy":"category","embeddable":true,"href":"https:\/\/muycritico.com.ar\/web\/index.php?rest_route=%2Fwp%2Fv2%2Fcategories&post=11765"},{"taxonomy":"post_tag","embeddable":true,"href":"https:\/\/muycritico.com.ar\/web\/index.php?rest_route=%2Fwp%2Fv2%2Ftags&post=11765"}],"curies":[{"name":"wp","href":"https:\/\/api.w.org\/{rel}","templated":true}]}}