{"id":11757,"date":"2025-12-10T09:48:11","date_gmt":"2025-12-10T12:48:11","guid":{"rendered":"https:\/\/muycritico.com.ar\/web\/?p=11757"},"modified":"2026-01-18T19:27:42","modified_gmt":"2026-01-18T22:27:42","slug":"la-ostentosa-vida-de-dario-madile-el-porteno-que-conquisto-a-salta","status":"publish","type":"post","link":"https:\/\/muycritico.com.ar\/web\/?p=11757","title":{"rendered":"LA OSTENTOSA VIDA DE DAR\u00cdO MADILE: EL PORTE\u00d1O QUE CONQUIST\u00d3 A SALTA"},"content":{"rendered":"<p><strong>Se asegur\u00f3 la presidencia del Concejo deliberante capitalino y desde all\u00ed administra a \u201cpiacere\u201d una de las cajas m\u00e1s lucrativas de la provincia. Original de Buenos Aires, aterriz\u00f3 por los valles de Lerma y conquist\u00f3 el coraz\u00f3n de los salte\u00f1as y sobre todo las salte\u00f1as, quienes lo acompa\u00f1aron en su camino a la cima. Hace unos d\u00edas se conoci\u00f3 su ruptura con su pareja y su ostentosa mansi\u00f3n de Valle escondido, la que tiene una cava y est\u00e1 valuada en 400 mil d\u00f3lares, y es la envidia de sus vecinos.<\/strong><\/p>\n<p><!--more--><\/p>\n<p>Llegado de Buenos Aires como un mero maratonista, su ascenso fue tan mete\u00f3rico que su mansi\u00f3n de Valle escondido cuenta con una cava y fastuosas instalaciones. <a href=\"https:\/\/muycritico.com.ar\/web\/?p=11573\" target=\"_blank\" rel=\"noopener\">Su ruptura con su pareja y prima del gobernador no pas\u00f3 desapercibida en los pasillos del Concejo<\/a> que preside desde hace un tiempo, y que no brilla justamente por sus logros a nivel de proyectos y donde los \u00fanicos debates son entre libertarios y peronistas renegados. Muy lejos de los verdaderos problemas que aquejan a los vecinos, esas tertulias se dirimen con descalificaciones protagonizadas entre concejales opositores y oficialistas.<\/p>\n<p>El Concejo de Madile viene de una larga debacle de impericias donde el esc\u00e1ndalo de <strong>Pablo L\u00f3pez<\/strong> y su inexplicable regreso al recinto, no es m\u00e1s que la frutilla del postre que coron\u00f3 los a\u00f1os de desatinos del cuerpo deliberativo de Madile y su grupo de concejales obedientes.<\/p>\n<p>Ante la ausencia seguramente por falta de tiempo, del pedido de informes por parte de <strong>SALTA TRANSPARENTE<\/strong>, del senador electo <strong>Gonzalo Guzm\u00e1n Coraita<\/strong>, un empleado infiel filtr\u00f3 las planillas de gastos de la presidencia del Concejo Deliberante.<\/p>\n<p>El resultado devolvi\u00f3 unos $124.000.000 por 9 meses en pauta publicitaria es lo que dice la planilla de las erogaciones de Dar\u00edo Madile. No quedan dudas que el tema es algo menor, ya que Madile ni siquiera se gast\u00f3 en explicar el destino de esos fondos, ni tampoco los m\u00e1s de 3.000 litros de nafta que se reparten entre los ediles capitalinos y lo pagan con la nuestra. Esperamos, como siempre, la actuaci\u00f3n de alg\u00fan avispado de la justicia, que por lo menos pida informes acerca de estos gastos que salen de los fondos p\u00fablicos que pagan los salte\u00f1os con los tributos municipales.<\/p>\n<p><img loading=\"lazy\" decoding=\"async\" class=\"aligncenter size-full wp-image-11759\" src=\"https:\/\/muycritico.com.ar\/web\/wp-content\/uploads\/2025\/12\/madile.jpg\" alt=\"\" width=\"685\" height=\"1165\" \/><\/p>\n<p>Pero el maratonista y presidente del Concejo deliberante de los salte\u00f1os es un hombre que le gusta vivir la vida con gran estilo. Seg\u00fan un revelador informe del portal <strong>EL INTRA<\/strong>, titulado jocosamente \u201cMADILE, LA PELUCA, LA CAVA Y LA CASA DE 400.000 D\u00d3LARES\u201d, da cuenta de que siendo un hombre que vive del erario p\u00fablico desde hace casi dos d\u00e9cadas, el Presidente del Concejo Deliberante, Dar\u00edo Madile, podr\u00edamos suponer que goza de una vida c\u00f3moda, pero no tanto como para vivir en un mega casa de 400.000 d\u00f3lares (dicen) en Valle Escondido.<\/p>\n<p>Seg\u00fan ese portal informativo el dirigente festej\u00f3 los 41 en lo que a\u00fan es \u201csu casa\u201d con novia nueva, y amigos outsiders de la pol\u00edtica que no lo cuidaron ni un poco. Adem\u00e1s de fotos en cada rinc\u00f3n de la mansi\u00f3n y adem\u00e1s publicaciones en redes. Madile est\u00e1 separado de la prima de Gustavo S\u00e1enz, pero a\u00fan vive en la morada que \u201cjuntos\u201d construyeron. De la divisi\u00f3n de bienes, hablaremos en otro momento. Por ahora, lo \u00fanico que crece en lo de Madile es el cabello que se sembr\u00f3, que ya hasta le permite usar glostora y raya al costado.<\/p>\n<p>Sin dudas Madile la vive de rey, gasta a troche y moche, y en sus horas de ocio en su mansi\u00f3n se debe partir de la risa reflexionando en como los salte\u00f1os y las salte\u00f1as se rindieron a sus pies\u2026 de porte\u00f1o perfumado y pituc\u00f3n que aterriz\u00f3 por estos valles y tiene una vida de celebrity de Hollywood.<\/p>\n<p>Esperemos que otros porte\u00f1os no lo imiten y sigan su ejemplo porque dentro de poco las arcas del Estado salte\u00f1o solo ir\u00e1 a parar a las cuentas bancarias de estos sujetos, porque como es bien sabido, porte\u00f1os opas no hay. Como dec\u00edan las viejas sabias del siglo pasado: \u201cDonde hay tontos duran las fiestas\u201d.<\/p>\n","protected":false},"excerpt":{"rendered":"<p>Se asegur\u00f3 la presidencia del Concejo deliberante capitalino y desde all\u00ed administra a \u201cpiacere\u201d una de las cajas m\u00e1s lucrativas de la provincia. Original de Buenos Aires, aterriz\u00f3 por los valles de Lerma y conquist\u00f3 el coraz\u00f3n de los salte\u00f1as y sobre todo las salte\u00f1as, quienes lo acompa\u00f1aron en su camino a la cima. Hace [&hellip;]<\/p>\n","protected":false},"author":2,"featured_media":11758,"comment_status":"open","ping_status":"closed","sticky":false,"template":"","format":"standard","meta":{"footnotes":""},"categories":[10],"tags":[197,411,872],"class_list":["post-11757","post","type-post","status-publish","format-standard","has-post-thumbnail","hentry","category-personajes","tag-concejo-deliberante","tag-dario-madile","tag-victor-sacca"],"_links":{"self":[{"href":"https:\/\/muycritico.com.ar\/web\/index.php?rest_route=\/wp\/v2\/posts\/11757","targetHints":{"allow":["GET"]}}],"collection":[{"href":"https:\/\/muycritico.com.ar\/web\/index.php?rest_route=\/wp\/v2\/posts"}],"about":[{"href":"https:\/\/muycritico.com.ar\/web\/index.php?rest_route=\/wp\/v2\/types\/post"}],"author":[{"embeddable":true,"href":"https:\/\/muycritico.com.ar\/web\/index.php?rest_route=\/wp\/v2\/users\/2"}],"replies":[{"embeddable":true,"href":"https:\/\/muycritico.com.ar\/web\/index.php?rest_route=%2Fwp%2Fv2%2Fcomments&post=11757"}],"version-history":[{"count":5,"href":"https:\/\/muycritico.com.ar\/web\/index.php?rest_route=\/wp\/v2\/posts\/11757\/revisions"}],"predecessor-version":[{"id":11764,"href":"https:\/\/muycritico.com.ar\/web\/index.php?rest_route=\/wp\/v2\/posts\/11757\/revisions\/11764"}],"wp:featuredmedia":[{"embeddable":true,"href":"https:\/\/muycritico.com.ar\/web\/index.php?rest_route=\/wp\/v2\/media\/11758"}],"wp:attachment":[{"href":"https:\/\/muycritico.com.ar\/web\/index.php?rest_route=%2Fwp%2Fv2%2Fmedia&parent=11757"}],"wp:term":[{"taxonomy":"category","embeddable":true,"href":"https:\/\/muycritico.com.ar\/web\/index.php?rest_route=%2Fwp%2Fv2%2Fcategories&post=11757"},{"taxonomy":"post_tag","embeddable":true,"href":"https:\/\/muycritico.com.ar\/web\/index.php?rest_route=%2Fwp%2Fv2%2Ftags&post=11757"}],"curies":[{"name":"wp","href":"https:\/\/api.w.org\/{rel}","templated":true}]}}