{"id":11454,"date":"2025-11-22T21:53:57","date_gmt":"2025-11-23T00:53:57","guid":{"rendered":"https:\/\/muycritico.com.ar\/web\/?p=11454"},"modified":"2026-01-18T15:37:57","modified_gmt":"2026-01-18T18:37:57","slug":"saenz-el-tc2000-volvio-a-salta-despues-de-seis-anos-y-lo-vivimos-con-gran-alegria","status":"publish","type":"post","link":"https:\/\/muycritico.com.ar\/web\/?p=11454","title":{"rendered":"S\u00c1ENZ: \u201cEL TC2000 VOLVI\u00d3 A SALTA DESPU\u00c9S DE SEIS A\u00d1OS Y LO VIVIMOS CON GRAN ALEGR\u00cdA\u201d"},"content":{"rendered":"<p><strong>Se realiz\u00f3 la tanda libre de autorizados y debutantes, que da inicio al fin de semana de competencia del 46\u00b0 Campeonato Argentino de TC2000 YPF INFINIA.<\/strong><\/p>\n<p><!--more--><\/p>\n<p>El gobernador Gustavo S\u00e1enz y la ministra de Turismo y Deportes, Manuela Arancibia estuvieron esta tarde en el Aut\u00f3dromo \u201cMart\u00edn Miguel de G\u00fcemes\u201d para acompa\u00f1ar el comienzo oficial de la actividad del TC2000 en la provincia.<\/p>\n<p><img loading=\"lazy\" decoding=\"async\" class=\"aligncenter size-full wp-image-11456\" src=\"https:\/\/muycritico.com.ar\/web\/wp-content\/uploads\/2025\/11\/SAENZ-TC.jpg\" alt=\"\" width=\"1035\" height=\"585\" srcset=\"https:\/\/muycritico.com.ar\/web\/wp-content\/uploads\/2025\/11\/SAENZ-TC.jpg 1035w, https:\/\/muycritico.com.ar\/web\/wp-content\/uploads\/2025\/11\/SAENZ-TC-768x434.jpg 768w\" sizes=\"auto, (max-width: 1035px) 100vw, 1035px\" \/><\/p>\n<p>Las autoridades presenciaron la tanda libre de autorizados y debutantes, una instancia clave dentro de la programaci\u00f3n deportiva que da inicio al fin de semana de competencia del 46\u00b0 Campeonato Argentino de TC2000 YPF INFINIA, que vuelve a Salta despu\u00e9s de seis a\u00f1os.<\/p>\n<p><iframe loading=\"lazy\" title=\"S\u00e1enz: \u201cEl TC2000 volvi\u00f3 a Salta despu\u00e9s de seis a\u00f1os y lo vivimos con gran alegr\u00eda\u201d\" width=\"696\" height=\"392\" src=\"https:\/\/www.youtube.com\/embed\/LL_W4VsjIDw?feature=oembed\" frameborder=\"0\" allow=\"accelerometer; autoplay; clipboard-write; encrypted-media; gyroscope; picture-in-picture; web-share\" referrerpolicy=\"strict-origin-when-cross-origin\" allowfullscreen><\/iframe><\/p>\n<p>Durante el recorrido, el Gobernador y la Ministra dialogaron con pilotos, equipos t\u00e9cnicos y organizadores, destacando la importancia de que la provincia vuelva a ser sede de un evento de esta magnitud. Subrayaron adem\u00e1s el impacto que genera la competencia en el movimiento tur\u00edstico, la actividad econ\u00f3mica y la proyecci\u00f3n deportiva de Salta.<\/p>\n<p>La jornada se desarroll\u00f3 con gran expectativa por parte de los fan\u00e1ticos y del sector automovil\u00edstico local, que ya palpita las fechas oficiales del 22 y 23 de noviembre.<\/p>\n<p>Salta se prepara para vivir un fin de semana de alto nivel deportivo, con un aut\u00f3dromo que vuelve a ser escenario de una de las categor\u00edas m\u00e1s importantes del automovilismo argentino.<\/p>\n","protected":false},"excerpt":{"rendered":"<p>Se realiz\u00f3 la tanda libre de autorizados y debutantes, que da inicio al fin de semana de competencia del 46\u00b0 Campeonato Argentino de TC2000 YPF INFINIA.<\/p>\n","protected":false},"author":2,"featured_media":11455,"comment_status":"open","ping_status":"closed","sticky":false,"template":"","format":"standard","meta":{"footnotes":""},"categories":[11],"tags":[872],"class_list":["post-11454","post","type-post","status-publish","format-standard","has-post-thumbnail","hentry","category-motor","tag-victor-sacca"],"_links":{"self":[{"href":"https:\/\/muycritico.com.ar\/web\/index.php?rest_route=\/wp\/v2\/posts\/11454","targetHints":{"allow":["GET"]}}],"collection":[{"href":"https:\/\/muycritico.com.ar\/web\/index.php?rest_route=\/wp\/v2\/posts"}],"about":[{"href":"https:\/\/muycritico.com.ar\/web\/index.php?rest_route=\/wp\/v2\/types\/post"}],"author":[{"embeddable":true,"href":"https:\/\/muycritico.com.ar\/web\/index.php?rest_route=\/wp\/v2\/users\/2"}],"replies":[{"embeddable":true,"href":"https:\/\/muycritico.com.ar\/web\/index.php?rest_route=%2Fwp%2Fv2%2Fcomments&post=11454"}],"version-history":[{"count":1,"href":"https:\/\/muycritico.com.ar\/web\/index.php?rest_route=\/wp\/v2\/posts\/11454\/revisions"}],"predecessor-version":[{"id":11457,"href":"https:\/\/muycritico.com.ar\/web\/index.php?rest_route=\/wp\/v2\/posts\/11454\/revisions\/11457"}],"wp:featuredmedia":[{"embeddable":true,"href":"https:\/\/muycritico.com.ar\/web\/index.php?rest_route=\/wp\/v2\/media\/11455"}],"wp:attachment":[{"href":"https:\/\/muycritico.com.ar\/web\/index.php?rest_route=%2Fwp%2Fv2%2Fmedia&parent=11454"}],"wp:term":[{"taxonomy":"category","embeddable":true,"href":"https:\/\/muycritico.com.ar\/web\/index.php?rest_route=%2Fwp%2Fv2%2Fcategories&post=11454"},{"taxonomy":"post_tag","embeddable":true,"href":"https:\/\/muycritico.com.ar\/web\/index.php?rest_route=%2Fwp%2Fv2%2Ftags&post=11454"}],"curies":[{"name":"wp","href":"https:\/\/api.w.org\/{rel}","templated":true}]}}