{"id":11343,"date":"2025-11-14T22:15:10","date_gmt":"2025-11-15T01:15:10","guid":{"rendered":"https:\/\/muycritico.com.ar\/web\/?p=11343"},"modified":"2026-01-18T15:37:33","modified_gmt":"2026-01-18T18:37:33","slug":"la-5ta-edicion-de-la-suelta-de-libros-se-realizara-el-proximo-martes","status":"publish","type":"post","link":"https:\/\/muycritico.com.ar\/web\/?p=11343","title":{"rendered":"LA 5TA EDICI\u00d3N DE LA SUELTA DE LIBROS SE REALIZAR\u00c1 EL PR\u00d3XIMO MARTES"},"content":{"rendered":"<p><strong>Deb\u00eda llevarse a cabo ayer pero fue reprogramada por cuestiones clim\u00e1ticas. El escenario ser\u00e1 la plaza G\u00fcemes, el 18 de noviembre, de 17 a 20, donde habr\u00e1 m\u00e1s de 6 mil libros para todos los gustos. Se espera una gran convocatoria como en las ediciones anteriores.<\/strong><\/p>\n<p><!--more--><\/p>\n<p>La Municipalidad de Salta organiza una nueva Suelta de Libros, la cual ser\u00e1 la 5ta edici\u00f3n, que se llevar\u00e1 a cabo el pr\u00f3ximo martes.<\/p>\n<p>Si bien se iba realizar ayer, fue reprogramada por cuestiones clim\u00e1ticas. El escenario ser\u00e1 la plaza G\u00fcemes, de 17 a 20, donde habr\u00e1 m\u00e1s de 6 mil libros para todos los gustos. Se espera una gran convocatoria como en las ediciones anteriores.<\/p>\n<p>\u00abEsperamos que muchas personas se acerquen y aprovechen. Recomendamos que lleguen temprano para elegir los mejores ejemplares. Los que se acerquen pasar\u00e1n una gran jornada\u00bb, dijo Lourdes Rold\u00e1n, subsecretaria de Paseos de Compra.<\/p>\n<p>Los libros que se recolectaron fueron producto de la donaci\u00f3n de los vecinos y, en esta oportunidad, de la colaboraci\u00f3n de la Biblioteca Provincial Victorino de la Plaza. Se sum\u00f3 tambi\u00e9n el escritor Eduardo Ceballos, quien no s\u00f3lo soltar\u00e1 libros de su autor\u00eda sino que acompa\u00f1ar\u00e1 la jornada.<\/p>\n<p><img loading=\"lazy\" decoding=\"async\" class=\"aligncenter size-full wp-image-11345\" src=\"https:\/\/muycritico.com.ar\/web\/wp-content\/uploads\/2025\/11\/LIBROS-2.jpg\" alt=\"\" width=\"717\" height=\"480\" \/><\/p>\n<p>Las personas que asistan podr\u00e1n llevarse 3 libros por persona en principio, aunque este n\u00famero puede cambiar de acuerdo a la demanda. Se recomienda llegar temprano para acceder a los mejores ejemplares.<\/p>\n<p>Hay libros nuevos y usados: literatura cl\u00e1sica, moderna, libros de manualidades y oficios, apuntes universitarios de las carreras de comunicaci\u00f3n, antropolog\u00eda, historia, psicopedagog\u00eda, medicina, enfermer\u00eda, abogac\u00eda, agronom\u00eda, entre otras. Textos de primaria, secundaria, libros infantiles, literatura en japon\u00e9s, alem\u00e1n, ingl\u00e9s, hebreo, y m\u00e1s.<\/p>\n<p>Para la Municipalidad la Suelta es muy importante, ya que fortalece lazos en la comunidad y democratiza el acceso a libros de todo tipo.<\/p>\n<p><iframe loading=\"lazy\" title=\"La 5ta edici\u00f3n de la Suelta de Libros se realizar\u00e1 el pr\u00f3ximo martes\" width=\"696\" height=\"392\" src=\"https:\/\/www.youtube.com\/embed\/_imBK04upcA?feature=oembed\" frameborder=\"0\" allow=\"accelerometer; autoplay; clipboard-write; encrypted-media; gyroscope; picture-in-picture; web-share\" referrerpolicy=\"strict-origin-when-cross-origin\" allowfullscreen><\/iframe><\/p>\n","protected":false},"excerpt":{"rendered":"<p>Deb\u00eda llevarse a cabo ayer pero fue reprogramada por cuestiones clim\u00e1ticas. El escenario ser\u00e1 la plaza G\u00fcemes, el 18 de noviembre, de 17 a 20, donde habr\u00e1 m\u00e1s de 6 mil libros para todos los gustos. Se espera una gran convocatoria como en las ediciones anteriores.<\/p>\n","protected":false},"author":2,"featured_media":11344,"comment_status":"open","ping_status":"closed","sticky":false,"template":"","format":"standard","meta":{"footnotes":""},"categories":[5],"tags":[872],"class_list":["post-11343","post","type-post","status-publish","format-standard","has-post-thumbnail","hentry","category-libros","tag-victor-sacca"],"_links":{"self":[{"href":"https:\/\/muycritico.com.ar\/web\/index.php?rest_route=\/wp\/v2\/posts\/11343","targetHints":{"allow":["GET"]}}],"collection":[{"href":"https:\/\/muycritico.com.ar\/web\/index.php?rest_route=\/wp\/v2\/posts"}],"about":[{"href":"https:\/\/muycritico.com.ar\/web\/index.php?rest_route=\/wp\/v2\/types\/post"}],"author":[{"embeddable":true,"href":"https:\/\/muycritico.com.ar\/web\/index.php?rest_route=\/wp\/v2\/users\/2"}],"replies":[{"embeddable":true,"href":"https:\/\/muycritico.com.ar\/web\/index.php?rest_route=%2Fwp%2Fv2%2Fcomments&post=11343"}],"version-history":[{"count":3,"href":"https:\/\/muycritico.com.ar\/web\/index.php?rest_route=\/wp\/v2\/posts\/11343\/revisions"}],"predecessor-version":[{"id":11348,"href":"https:\/\/muycritico.com.ar\/web\/index.php?rest_route=\/wp\/v2\/posts\/11343\/revisions\/11348"}],"wp:featuredmedia":[{"embeddable":true,"href":"https:\/\/muycritico.com.ar\/web\/index.php?rest_route=\/wp\/v2\/media\/11344"}],"wp:attachment":[{"href":"https:\/\/muycritico.com.ar\/web\/index.php?rest_route=%2Fwp%2Fv2%2Fmedia&parent=11343"}],"wp:term":[{"taxonomy":"category","embeddable":true,"href":"https:\/\/muycritico.com.ar\/web\/index.php?rest_route=%2Fwp%2Fv2%2Fcategories&post=11343"},{"taxonomy":"post_tag","embeddable":true,"href":"https:\/\/muycritico.com.ar\/web\/index.php?rest_route=%2Fwp%2Fv2%2Ftags&post=11343"}],"curies":[{"name":"wp","href":"https:\/\/api.w.org\/{rel}","templated":true}]}}