{"id":11057,"date":"2025-11-01T19:40:49","date_gmt":"2025-11-01T22:40:49","guid":{"rendered":"https:\/\/muycritico.com.ar\/web\/?p=11057"},"modified":"2026-01-18T19:12:16","modified_gmt":"2026-01-18T22:12:16","slug":"milanesas-con-gusto-a-poco-macri-se-quejo-de-la-salida-de-francos-y-fue-muy-critico-con-adorni","status":"publish","type":"post","link":"https:\/\/muycritico.com.ar\/web\/?p=11057","title":{"rendered":"MILANESAS CON GUSTO A POCO: MACRI SE QUEJ\u00d3 DE LA SALIDA DE FRANCOS Y FUE MUY CR\u00cdTICO CON ADORNI"},"content":{"rendered":"<p><strong>Mauricio Macri critic\u00f3 el nombramiento de Manuel Adorni como jefe de Gabinete en lugar de Francos, afirm\u00f3 que el vocero presidencial &#8220;no tiene experiencia&#8221; para ese tipo de cargo. En su lugar, postul\u00f3 a Horacio Mar\u00edn, el presidente de YPF. Foto: EFE<\/strong><\/p>\n<p><!--more--><\/p>\n<p>Poco dur\u00f3 la armon\u00eda tras las milanesas en Olivos, Macri parece querer tomar el lugar de gran consejero detr\u00e1s de Milei y lanz\u00f3 duras cr\u00edticas al cambio de Francos por el vocero mileista. El expresidente rompi\u00f3 el silencio este s\u00e1bado tras su cena privada con el presidente Javier Milei y critic\u00f3 duramente la designaci\u00f3n de Manuel Adorni como jefe de Gabinete en reemplazo del renunciante Guillermo Francos.<\/p>\n<p>Adem\u00e1s, le endilg\u00f3 falta de experiencia para un cargo de semejante talla y postul\u00f3 en su lugar a Horacio Mar\u00edn, el presidente de YPF.<\/p>\n<p>Seg\u00fan Clar\u00edn, en un texto que public\u00f3 en X pasadas las 19, el jefe del PRO coment\u00f3 que estuvo en Olivos invitado por Javier Milei &#8220;en agradecimiento por el apoyo que le di en la semana m\u00e1s dif\u00edcil de su gobierno antes de las elecciones&#8221; y revel\u00f3 que hablaron &#8220;sobre los temas pendientes&#8221; como &#8220;reforzar los equipos y prepararse para esta segunda etapa, pero no logramos ponernos de acuerdo&#8221;.<\/p>\n<p>Al referirse a la renuncia del jefe de Gabinete, Guillermo Francos, que se produjo justo en medio de su reuni\u00f3n en Olivos, Macri lament\u00f3 su salida porque se trata &#8220;de un hombre con capacidad y equilibrio&#8221; que &#8220;para la ciudadan\u00eda representaba sensatez&#8221;.<\/p>\n<p>Macri resalt\u00f3 que &#8220;el jefe de Gabinete de Ministros es una figura esencial: coordina los equipos pol\u00edticos y de gesti\u00f3n en torno a una agenda y una estrategia&#8221; y sostuvo que &#8220;a esta decisi\u00f3n a mi juicio desacertada, se suma la falta de resoluci\u00f3n de las conocidas disputas internas del gobierno, claves en la hoja de ruta del futuro&#8221;.<\/p>\n<p>&#8220;Lamento esta situaci\u00f3n porque, tras el esfuerzo realizado, la revalidaci\u00f3n de la gente en las urnas y el apoyo in\u00e9dito de Estados Unidos, el pa\u00eds se encuentra frente a una oportunidad hist\u00f3rica que no puede desaprovechar&#8221;, a\u00f1adi\u00f3.<\/p>\n","protected":false},"excerpt":{"rendered":"<p>Mauricio Macri critic\u00f3 el nombramiento de Manuel Adorni como jefe de Gabinete en lugar de Francos, afirm\u00f3 que el vocero presidencial &#8220;no tiene experiencia&#8221; para ese tipo de cargo. En su lugar, postul\u00f3 a Horacio Mar\u00edn, el presidente de YPF. Foto: EFE<\/p>\n","protected":false},"author":2,"featured_media":11058,"comment_status":"open","ping_status":"closed","sticky":false,"template":"","format":"standard","meta":{"footnotes":""},"categories":[6],"tags":[872],"class_list":["post-11057","post","type-post","status-publish","format-standard","has-post-thumbnail","hentry","category-notas","tag-victor-sacca"],"_links":{"self":[{"href":"https:\/\/muycritico.com.ar\/web\/index.php?rest_route=\/wp\/v2\/posts\/11057","targetHints":{"allow":["GET"]}}],"collection":[{"href":"https:\/\/muycritico.com.ar\/web\/index.php?rest_route=\/wp\/v2\/posts"}],"about":[{"href":"https:\/\/muycritico.com.ar\/web\/index.php?rest_route=\/wp\/v2\/types\/post"}],"author":[{"embeddable":true,"href":"https:\/\/muycritico.com.ar\/web\/index.php?rest_route=\/wp\/v2\/users\/2"}],"replies":[{"embeddable":true,"href":"https:\/\/muycritico.com.ar\/web\/index.php?rest_route=%2Fwp%2Fv2%2Fcomments&post=11057"}],"version-history":[{"count":1,"href":"https:\/\/muycritico.com.ar\/web\/index.php?rest_route=\/wp\/v2\/posts\/11057\/revisions"}],"predecessor-version":[{"id":11059,"href":"https:\/\/muycritico.com.ar\/web\/index.php?rest_route=\/wp\/v2\/posts\/11057\/revisions\/11059"}],"wp:featuredmedia":[{"embeddable":true,"href":"https:\/\/muycritico.com.ar\/web\/index.php?rest_route=\/wp\/v2\/media\/11058"}],"wp:attachment":[{"href":"https:\/\/muycritico.com.ar\/web\/index.php?rest_route=%2Fwp%2Fv2%2Fmedia&parent=11057"}],"wp:term":[{"taxonomy":"category","embeddable":true,"href":"https:\/\/muycritico.com.ar\/web\/index.php?rest_route=%2Fwp%2Fv2%2Fcategories&post=11057"},{"taxonomy":"post_tag","embeddable":true,"href":"https:\/\/muycritico.com.ar\/web\/index.php?rest_route=%2Fwp%2Fv2%2Ftags&post=11057"}],"curies":[{"name":"wp","href":"https:\/\/api.w.org\/{rel}","templated":true}]}}