{"id":11048,"date":"2025-11-01T14:41:39","date_gmt":"2025-11-01T17:41:39","guid":{"rendered":"https:\/\/muycritico.com.ar\/web\/?p=11048"},"modified":"2026-01-18T19:12:17","modified_gmt":"2026-01-18T22:12:17","slug":"operativo-oftalmologico-y-odontopediatrico-beneficio-a-mas-de-130-personas","status":"publish","type":"post","link":"https:\/\/muycritico.com.ar\/web\/?p=11048","title":{"rendered":"OPERATIVO OFTALMOL\u00d3GICO Y ODONTOPEDI\u00c1TRICO BENEFICI\u00d3 A M\u00c1S DE 130 PERSONAS"},"content":{"rendered":"<p><strong>Con una importante convocatoria, m\u00e1s de 130 vecinos y vecinas \u2014entre ni\u00f1os, j\u00f3venes y adultos mayores\u2014 participaron del operativo oftalmol\u00f3gico y odontopedi\u00e1trico desarrollado en el CIC de Los Rosales, en el marco del programa \u201cMirar Inclusi\u00f3n\u201d.<\/strong><\/p>\n<p><!--more--><\/p>\n<p>Gracias a las gestiones del intendente <strong>Federico Sacca<\/strong>, a trav\u00e9s de la Direcci\u00f3n de Acci\u00f3n Social, el operativo permiti\u00f3 brindar atenci\u00f3n gratuita y de calidad, incluyendo controles de la vista, estudios completos y atenci\u00f3n odontol\u00f3gica para los m\u00e1s peque\u00f1os.<\/p>\n<p><img loading=\"lazy\" decoding=\"async\" class=\"aligncenter size-full wp-image-11050\" src=\"https:\/\/muycritico.com.ar\/web\/wp-content\/uploads\/2025\/11\/OFTALMOLOGICO-GALPON2.jpg\" alt=\"\" width=\"540\" height=\"405\" \/><\/p>\n<p>El equipo de profesionales lleg\u00f3 a la localidad con un colectivo completamente equipado para realizar los estudios necesarios. Adem\u00e1s, en el plazo de un mes, se realizar\u00e1 la entrega de anteojos a quienes los requieran, en el marco del convenio entre el Ministerio de Desarrollo Social y la Fundaci\u00f3n Boreal, con el aporte del Municipio de El Galp\u00f3n, que asume el costo de los cristales.<\/p>\n<p><img loading=\"lazy\" decoding=\"async\" class=\"aligncenter size-full wp-image-11051\" src=\"https:\/\/muycritico.com.ar\/web\/wp-content\/uploads\/2025\/11\/OFTALMOLOGICO-GALPON3.jpg\" alt=\"\" width=\"960\" height=\"928\" srcset=\"https:\/\/muycritico.com.ar\/web\/wp-content\/uploads\/2025\/11\/OFTALMOLOGICO-GALPON3.jpg 960w, https:\/\/muycritico.com.ar\/web\/wp-content\/uploads\/2025\/11\/OFTALMOLOGICO-GALPON3-768x742.jpg 768w\" sizes=\"auto, (max-width: 960px) 100vw, 960px\" \/><\/p>\n<p>Tambi\u00e9n fueron asistidas familias de Las Costas, Lagunitas, Montecristo y parajes cercanos, reafirmando el compromiso de la gesti\u00f3n municipal con la inclusi\u00f3n, la salud y la igualdad de oportunidades para todos los galponenses.<\/p>\n<p>El Galp\u00f3n sigue creciendo con acciones que miran a todos, sin dejar a nadie atr\u00e1s.<\/p>\n","protected":false},"excerpt":{"rendered":"<p>Con una importante convocatoria, m\u00e1s de 130 vecinos y vecinas \u2014entre ni\u00f1os, j\u00f3venes y adultos mayores\u2014 participaron del operativo oftalmol\u00f3gico y odontopedi\u00e1trico desarrollado en el CIC de Los Rosales, en el marco del programa \u201cMirar Inclusi\u00f3n\u201d.<\/p>\n","protected":false},"author":2,"featured_media":11049,"comment_status":"open","ping_status":"closed","sticky":false,"template":"","format":"standard","meta":{"footnotes":""},"categories":[6],"tags":[872],"class_list":["post-11048","post","type-post","status-publish","format-standard","has-post-thumbnail","hentry","category-notas","tag-victor-sacca"],"_links":{"self":[{"href":"https:\/\/muycritico.com.ar\/web\/index.php?rest_route=\/wp\/v2\/posts\/11048","targetHints":{"allow":["GET"]}}],"collection":[{"href":"https:\/\/muycritico.com.ar\/web\/index.php?rest_route=\/wp\/v2\/posts"}],"about":[{"href":"https:\/\/muycritico.com.ar\/web\/index.php?rest_route=\/wp\/v2\/types\/post"}],"author":[{"embeddable":true,"href":"https:\/\/muycritico.com.ar\/web\/index.php?rest_route=\/wp\/v2\/users\/2"}],"replies":[{"embeddable":true,"href":"https:\/\/muycritico.com.ar\/web\/index.php?rest_route=%2Fwp%2Fv2%2Fcomments&post=11048"}],"version-history":[{"count":1,"href":"https:\/\/muycritico.com.ar\/web\/index.php?rest_route=\/wp\/v2\/posts\/11048\/revisions"}],"predecessor-version":[{"id":11052,"href":"https:\/\/muycritico.com.ar\/web\/index.php?rest_route=\/wp\/v2\/posts\/11048\/revisions\/11052"}],"wp:featuredmedia":[{"embeddable":true,"href":"https:\/\/muycritico.com.ar\/web\/index.php?rest_route=\/wp\/v2\/media\/11049"}],"wp:attachment":[{"href":"https:\/\/muycritico.com.ar\/web\/index.php?rest_route=%2Fwp%2Fv2%2Fmedia&parent=11048"}],"wp:term":[{"taxonomy":"category","embeddable":true,"href":"https:\/\/muycritico.com.ar\/web\/index.php?rest_route=%2Fwp%2Fv2%2Fcategories&post=11048"},{"taxonomy":"post_tag","embeddable":true,"href":"https:\/\/muycritico.com.ar\/web\/index.php?rest_route=%2Fwp%2Fv2%2Ftags&post=11048"}],"curies":[{"name":"wp","href":"https:\/\/api.w.org\/{rel}","templated":true}]}}