{"id":11038,"date":"2025-11-01T11:26:10","date_gmt":"2025-11-01T14:26:10","guid":{"rendered":"https:\/\/muycritico.com.ar\/web\/?p=11038"},"modified":"2026-01-18T19:12:17","modified_gmt":"2026-01-18T22:12:17","slug":"jimena-salas-el-enigmatico-hombre-2","status":"publish","type":"post","link":"https:\/\/muycritico.com.ar\/web\/?p=11038","title":{"rendered":"JIMENA SALAS: EL ENIGM\u00c1TICO \u201cHOMBRE 2\u201d"},"content":{"rendered":"<p><strong>En la sangrienta escena del crimen hay dos patrones de ADN masculinos. Uno es el de Javier \u201cEl Chino\u201d Saavedra y el otro es un misterio, un enigma que los investigadores no pudieron desentra\u00f1ar desde aquel 27 de enero de 2017. Aun as\u00ed no es poca cosa tener identificado (aunque ya no en vida) al principal responsable del crimen, esto por la contundencia de las pruebas, pero el hecho de saber que otro asesino a\u00fan podr\u00eda estar suelto es inquietante<\/strong><\/p>\n<p><!--more--><\/p>\n<p>Los indicios que dan cuenta de que fueron dos los perpetradores del atroz crimen de la se\u00f1ora Jimena Salas en Vaqueros son variados y diversos, con diferente peso probatorio pero existen y est\u00e1n entre los 20 cuerpos de expediente del complejo caso. El m\u00e1s importante es sin dudas la presencia del material gen\u00e9tico de dos masculinos, m\u00e1s all\u00e1 de las consideraciones hipot\u00e9ticas de que \u201cEl Chino\u201d pudo actuar solo. Este sin dudas es un suceso que ha ocurrido en la realidad de manera objetiva e independiente de las consideraciones de las partes que intervienen en el debate y el p\u00fablico en general.<\/p>\n<p>Por otro lado, testigos del barrio mencionaron a un hombre \u201cpetizo y quiscudo\u201d deambulando por la zona que se habr\u00eda desplazado en un \u201cauto como huevito\u201d. Esta \u00faltima descripci\u00f3n del veh\u00edculo obedece a modelos similares a un Peugeot 206 o similar.<\/p>\n<blockquote class=\"instagram-media\" style=\"background: #FFF; border: 0; border-radius: 3px; box-shadow: 0 0 1px 0 rgba(0,0,0,0.5),0 1px 10px 0 rgba(0,0,0,0.15); margin: 1px; max-width: 540px; min-width: 326px; padding: 0; width: calc(100% - 2px);\" data-instgrm-captioned=\"\" data-instgrm-permalink=\"https:\/\/www.instagram.com\/reel\/DQb_7sokY5Q\/?utm_source=ig_embed&amp;utm_campaign=loading\" data-instgrm-version=\"14\">\n<div style=\"padding: 16px;\">\n<p>&nbsp;<\/p>\n<div style=\"display: flex; flex-direction: row; align-items: center;\">\n<div style=\"background-color: #f4f4f4; border-radius: 50%; flex-grow: 0; height: 40px; margin-right: 14px; width: 40px;\"><\/div>\n<div style=\"display: flex; flex-direction: column; flex-grow: 1; justify-content: center;\">\n<div style=\"background-color: #f4f4f4; border-radius: 4px; flex-grow: 0; height: 14px; margin-bottom: 6px; width: 100px;\"><\/div>\n<div style=\"background-color: #f4f4f4; border-radius: 4px; flex-grow: 0; height: 14px; width: 60px;\"><\/div>\n<\/div>\n<\/div>\n<div style=\"padding: 19% 0;\"><\/div>\n<div style=\"display: block; height: 50px; margin: 0 auto 12px; width: 50px;\"><\/div>\n<div style=\"padding-top: 8px;\">\n<div style=\"color: #3897f0; font-family: Arial,sans-serif; font-size: 14px; font-style: normal; font-weight: 550; line-height: 18px;\">Ver esta publicaci\u00f3n en Instagram<\/div>\n<\/div>\n<div style=\"padding: 12.5% 0;\"><\/div>\n<div style=\"display: flex; flex-direction: row; margin-bottom: 14px; align-items: center;\">\n<div>\n<div style=\"background-color: #f4f4f4; border-radius: 50%; height: 12.5px; width: 12.5px; transform: translateX(0px) translateY(7px);\"><\/div>\n<div style=\"background-color: #f4f4f4; height: 12.5px; transform: rotate(-45deg) translateX(3px) translateY(1px); width: 12.5px; flex-grow: 0; margin-right: 14px; margin-left: 2px;\"><\/div>\n<div style=\"background-color: #f4f4f4; border-radius: 50%; height: 12.5px; width: 12.5px; transform: translateX(9px) translateY(-18px);\"><\/div>\n<\/div>\n<div style=\"margin-left: 8px;\">\n<div style=\"background-color: #f4f4f4; border-radius: 50%; flex-grow: 0; height: 20px; width: 20px;\"><\/div>\n<div style=\"width: 0; height: 0; border-top: 2px solid transparent; border-left: 6px solid #f4f4f4; border-bottom: 2px solid transparent; transform: translateX(16px) translateY(-4px) rotate(30deg);\"><\/div>\n<\/div>\n<div style=\"margin-left: auto;\">\n<div style=\"width: 0px; border-top: 8px solid #F4F4F4; border-right: 8px solid transparent; transform: translateY(16px);\"><\/div>\n<div style=\"background-color: #f4f4f4; flex-grow: 0; height: 12px; width: 16px; transform: translateY(-4px);\"><\/div>\n<div style=\"width: 0; height: 0; border-top: 8px solid #F4F4F4; border-left: 8px solid transparent; transform: translateY(-4px) translateX(8px);\"><\/div>\n<\/div>\n<\/div>\n<div style=\"display: flex; flex-direction: column; flex-grow: 1; justify-content: center; margin-bottom: 24px;\">\n<div style=\"background-color: #f4f4f4; border-radius: 4px; flex-grow: 0; height: 14px; margin-bottom: 6px; width: 224px;\"><\/div>\n<div style=\"background-color: #f4f4f4; border-radius: 4px; flex-grow: 0; height: 14px; width: 144px;\"><\/div>\n<\/div>\n<p>&nbsp;<\/p>\n<p style=\"color: #c9c8cd; font-family: Arial,sans-serif; font-size: 14px; line-height: 17px; margin-bottom: 0; margin-top: 8px; overflow: hidden; padding: 8px 0 7px; text-align: center; text-overflow: ellipsis; white-space: nowrap;\"><a style=\"color: #c9c8cd; font-family: Arial,sans-serif; font-size: 14px; font-style: normal; font-weight: normal; line-height: 17px; text-decoration: none;\" href=\"https:\/\/www.instagram.com\/reel\/DQb_7sokY5Q\/?utm_source=ig_embed&amp;utm_campaign=loading\" target=\"_blank\" rel=\"noopener\">Una publicaci\u00f3n compartida por \ud835\ude4b\ud835\ude56\ud835\ude68\ud835\ude56\ud835\ude67\ud835\ude64\ud835\ude63 \ud835\ude3e\ud835\ude64\ud835\ude68\ud835\ude56\ud835\ude68 \ud835\ude4e\ud835\ude56\ud835\ude61\ud835\ude69\ud835\ude56 (@pasaroncosas.salta)<\/a><\/p>\n<\/div>\n<\/blockquote>\n<p><script async src=\"\/\/www.instagram.com\/embed.js\"><\/script><\/p>\n<p>Durante el segundo juicio declar\u00f3 un polic\u00eda que dijo haber visto en una c\u00e1mara de vigilancia a dos sujetos caminando por las inmediaciones, unos minutos despu\u00e9s del crimen, indicando que uno de ellos llevaba algo en las manos, presumiblemente el caniche toy. Lamentablemente las c\u00e1maras de seguridad de 2017 no contaban con la resoluci\u00f3n de im\u00e1genes de las actuales, devolviendo im\u00e1genes con pixeles grandes, lo que dificulta la identificaci\u00f3n de un objeto a cierta distancia.<\/p>\n<blockquote class=\"instagram-media\" style=\"background: #FFF; border: 0; border-radius: 3px; box-shadow: 0 0 1px 0 rgba(0,0,0,0.5),0 1px 10px 0 rgba(0,0,0,0.15); margin: 1px; max-width: 540px; min-width: 326px; padding: 0; width: calc(100% - 2px);\" data-instgrm-captioned=\"\" data-instgrm-permalink=\"https:\/\/www.instagram.com\/reel\/DQhd8zgESCB\/?utm_source=ig_embed&amp;utm_campaign=loading\" data-instgrm-version=\"14\">\n<div style=\"padding: 16px;\">\n<p>&nbsp;<\/p>\n<div style=\"display: flex; flex-direction: row; align-items: center;\">\n<div style=\"background-color: #f4f4f4; border-radius: 50%; flex-grow: 0; height: 40px; margin-right: 14px; width: 40px;\"><\/div>\n<div style=\"display: flex; flex-direction: column; flex-grow: 1; justify-content: center;\">\n<div style=\"background-color: #f4f4f4; border-radius: 4px; flex-grow: 0; height: 14px; margin-bottom: 6px; width: 100px;\"><\/div>\n<div style=\"background-color: #f4f4f4; border-radius: 4px; flex-grow: 0; height: 14px; width: 60px;\"><\/div>\n<\/div>\n<\/div>\n<div style=\"padding: 19% 0;\"><\/div>\n<div style=\"display: block; height: 50px; margin: 0 auto 12px; width: 50px;\"><\/div>\n<div style=\"padding-top: 8px;\">\n<div style=\"color: #3897f0; font-family: Arial,sans-serif; font-size: 14px; font-style: normal; font-weight: 550; line-height: 18px;\">Ver esta publicaci\u00f3n en Instagram<\/div>\n<\/div>\n<div style=\"padding: 12.5% 0;\"><\/div>\n<div style=\"display: flex; flex-direction: row; margin-bottom: 14px; align-items: center;\">\n<div>\n<div style=\"background-color: #f4f4f4; border-radius: 50%; height: 12.5px; width: 12.5px; transform: translateX(0px) translateY(7px);\"><\/div>\n<div style=\"background-color: #f4f4f4; height: 12.5px; transform: rotate(-45deg) translateX(3px) translateY(1px); width: 12.5px; flex-grow: 0; margin-right: 14px; margin-left: 2px;\"><\/div>\n<div style=\"background-color: #f4f4f4; border-radius: 50%; height: 12.5px; width: 12.5px; transform: translateX(9px) translateY(-18px);\"><\/div>\n<\/div>\n<div style=\"margin-left: 8px;\">\n<div style=\"background-color: #f4f4f4; border-radius: 50%; flex-grow: 0; height: 20px; width: 20px;\"><\/div>\n<div style=\"width: 0; height: 0; border-top: 2px solid transparent; border-left: 6px solid #f4f4f4; border-bottom: 2px solid transparent; transform: translateX(16px) translateY(-4px) rotate(30deg);\"><\/div>\n<\/div>\n<div style=\"margin-left: auto;\">\n<div style=\"width: 0px; border-top: 8px solid #F4F4F4; border-right: 8px solid transparent; transform: translateY(16px);\"><\/div>\n<div style=\"background-color: #f4f4f4; flex-grow: 0; height: 12px; width: 16px; transform: translateY(-4px);\"><\/div>\n<div style=\"width: 0; height: 0; border-top: 8px solid #F4F4F4; border-left: 8px solid transparent; transform: translateY(-4px) translateX(8px);\"><\/div>\n<\/div>\n<\/div>\n<div style=\"display: flex; flex-direction: column; flex-grow: 1; justify-content: center; margin-bottom: 24px;\">\n<div style=\"background-color: #f4f4f4; border-radius: 4px; flex-grow: 0; height: 14px; margin-bottom: 6px; width: 224px;\"><\/div>\n<div style=\"background-color: #f4f4f4; border-radius: 4px; flex-grow: 0; height: 14px; width: 144px;\"><\/div>\n<\/div>\n<p>&nbsp;<\/p>\n<p style=\"color: #c9c8cd; font-family: Arial,sans-serif; font-size: 14px; line-height: 17px; margin-bottom: 0; margin-top: 8px; overflow: hidden; padding: 8px 0 7px; text-align: center; text-overflow: ellipsis; white-space: nowrap;\"><a style=\"color: #c9c8cd; font-family: Arial,sans-serif; font-size: 14px; font-style: normal; font-weight: normal; line-height: 17px; text-decoration: none;\" href=\"https:\/\/www.instagram.com\/reel\/DQhd8zgESCB\/?utm_source=ig_embed&amp;utm_campaign=loading\" target=\"_blank\" rel=\"noopener\">Una publicaci\u00f3n compartida por Muy Critico (@muycriticodigital)<\/a><\/p>\n<\/div>\n<\/blockquote>\n<p><script async src=\"\/\/www.instagram.com\/embed.js\"><\/script><\/p>\n<p>El que estuvo cerca de aquella l\u00ednea por entonces fue el fiscal <strong>Pablo Paz<\/strong>, quien estaba convencido de que la modalidad delictual era con dos sujetos y no con uno solo. Aunque en este punto hay un factor que rompe con todas las especulaciones y es el coeficiente intelectual de <strong>Javier Saavedra<\/strong>, un sujeto que era capaz de camuflarse bajo cualquier disfraz y due\u00f1o de una personalidad encantadora que podr\u00eda tranquilamente enga\u00f1ar a cualquier victima sin ninguna dificultad.<\/p>\n<p><img loading=\"lazy\" decoding=\"async\" class=\"aligncenter wp-image-2148 size-full\" src=\"https:\/\/muycritico.com.ar\/web\/wp-content\/uploads\/2024\/06\/PABLO-PAZ-JIMENA-SALAS.jpg\" alt=\"\" width=\"900\" height=\"488\" srcset=\"https:\/\/muycritico.com.ar\/web\/wp-content\/uploads\/2024\/06\/PABLO-PAZ-JIMENA-SALAS.jpg 900w, https:\/\/muycritico.com.ar\/web\/wp-content\/uploads\/2024\/06\/PABLO-PAZ-JIMENA-SALAS-768x416.jpg 768w\" sizes=\"auto, (max-width: 900px) 100vw, 900px\" \/><\/p>\n<p>De hecho, hay un momento en que chatea con su novia unos d\u00edas despu\u00e9s de ser expuestos los identikit por el fiscal Paz; y ante los cuestionamientos de que esa era la perrita que \u00e9l le hab\u00eda regalado para su cumplea\u00f1os en 2016, Javier le aduce que seguramente los autores \u2013en plural\u2013 hab\u00edan actuado de esa forma porque \u201ca la mina le gustaban los animales\u201d, tal como figura en el expediente.<\/p>\n<p>El mencionado identikit publicado por la fiscal\u00eda el 10 de mayo de 2017, ten\u00eda las caracter\u00edsticas <em>de un hombre de 25 a 30 a\u00f1os de edad, de 1.65 de estatura aproximadamente, contextura delgada, tez trigue\u00f1a y cabello negro lacio. Su rostro ser\u00eda delgado y al momento de ser visto por los testigos, se destacaba por vestir bien. Circular\u00eda en distintos autom\u00f3viles, uno de ellos de color negro con vidrios polarizados de peque\u00f1o porte, similar a un Peugeot 206 o Volkswagen Gol y otro, tipo sed\u00e1n color marr\u00f3n Dakar, similar a un Volkswagen Vento o Voyage.<\/em><\/p>\n<figure id=\"attachment_11046\" aria-describedby=\"caption-attachment-11046\" style=\"width: 700px\" class=\"wp-caption aligncenter\"><img loading=\"lazy\" decoding=\"async\" class=\"wp-image-11046 size-full\" src=\"https:\/\/muycritico.com.ar\/web\/wp-content\/uploads\/2025\/11\/GARCIA-CASTIELLA-CONFERENCIA.jpg\" alt=\"\" width=\"700\" height=\"467\" \/><figcaption id=\"caption-attachment-11046\" class=\"wp-caption-text\">Garc\u00eda Castiella y la parte de la unidad fiscal que llevaron adelante el arresto del Chino Saavedra<\/figcaption><\/figure>\n<p><em>Las caracter\u00edsticas del sospechoso, como as\u00ed tambi\u00e9n de los veh\u00edculos que podr\u00edan estar involucrados en la ejecuci\u00f3n del homicidio, surgen de una serie de declaraciones testimoniales, la mayor\u00eda de ellas de vecinos del barrio San Nicol\u00e1s, donde resid\u00eda la v\u00edctima y otras medidas ordenadas por la fiscal\u00eda.<\/em><\/p>\n<p><em>Seg\u00fan la investigaci\u00f3n en curso, el modus operandi utilizado por estas personas ser\u00eda abordar a la v\u00edctima con la excusa de indagar sobre el propietario de un perro \u201cCaniche Toy\u201d, supuestamente extraviado, al que lleva en brazos.<\/em><\/p>\n<p><em>Seg\u00fan relataron los testigos, Salas habr\u00eda sido v\u00edctima de este ardid, hip\u00f3tesis que se investiga junto a otras teor\u00edas. \u201cSe trata de personas que con muy buenas maneras, se gana la confianza de la v\u00edctima a fin de lograr tener acceso a su propiedad\u201d, indic\u00f3 el fiscal Pablo Paz, quien agreg\u00f3 que no se descarta la participaci\u00f3n de otros sujetos en esta clase de maniobras.<\/em><\/p>\n<p><img loading=\"lazy\" decoding=\"async\" class=\"aligncenter size-full wp-image-4195\" src=\"https:\/\/muycritico.com.ar\/web\/wp-content\/uploads\/2024\/11\/jimena_salas.jpg\" alt=\"\" width=\"1200\" height=\"688\" srcset=\"https:\/\/muycritico.com.ar\/web\/wp-content\/uploads\/2024\/11\/jimena_salas.jpg 1200w, https:\/\/muycritico.com.ar\/web\/wp-content\/uploads\/2024\/11\/jimena_salas-768x440.jpg 768w\" sizes=\"auto, (max-width: 1200px) 100vw, 1200px\" \/><\/p>\n<p>Es importante destacar que en aquel parte de prensa publicado por el diligente Paz (habr\u00eda que reivindicar a este funcionario) sostuvo por entonces que \u201cla Divisi\u00f3n Homicidios ha realizado una profunda y exhaustiva b\u00fasqueda del mismo, tanto en la localidad de Vaqueros, como en otras aleda\u00f1as y en toda la ciudad. Incluso se han dispuesto medidas que involucraron provincias vecinas\u201d.<\/p>\n<p><em>Pese a ello<\/em> \u2013continua el parte de prensa\u2013 <em>hasta el momento no se logr\u00f3 dar con este sujeto. \u201cCreemos que la colaboraci\u00f3n de los salte\u00f1os y de otras personas de provincias vecinas puede ser muy importante a fin de sumar datos que nos permitan llevar al esclarecimiento del este horrendo crimen\u201d. En tal sentido, el fiscal Paz solicit\u00f3 a las personas que pudieran aportar datos al respecto, se comuniquen con el 911, incluso de manera an\u00f3nima.<\/em><\/p>\n<figure id=\"attachment_4124\" aria-describedby=\"caption-attachment-4124\" style=\"width: 1224px\" class=\"wp-caption aligncenter\"><img loading=\"lazy\" decoding=\"async\" class=\"wp-image-4124 size-full\" src=\"https:\/\/muycritico.com.ar\/web\/wp-content\/uploads\/2024\/11\/juicio_jimena_salas-vargas-cajal.jpg\" alt=\"\" width=\"1224\" height=\"689\" srcset=\"https:\/\/muycritico.com.ar\/web\/wp-content\/uploads\/2024\/11\/juicio_jimena_salas-vargas-cajal.jpg 1224w, https:\/\/muycritico.com.ar\/web\/wp-content\/uploads\/2024\/11\/juicio_jimena_salas-vargas-cajal-768x432.jpg 768w\" sizes=\"auto, (max-width: 1224px) 100vw, 1224px\" \/><figcaption id=\"caption-attachment-4124\" class=\"wp-caption-text\">Marcelo Arancibia, Marcos Rubinovich y Luciano Romano, el tridente que salv\u00f3 la vida de Sergio Vargas, en un estupendo trabajo defensivo<\/figcaption><\/figure>\n<p>Cuesta creer que bajo esa l\u00ednea de investigaci\u00f3n tan bien encaminada, la procuraci\u00f3n por entonces tomara la determinaci\u00f3n de cambiar bruscamente la estrategia y apuntar directamente a la persona de <strong>Nicol\u00e1s Cajal<\/strong>, la pareja de la v\u00edctima; y al vendedor ambulante <strong>Sergio Vargas<\/strong> que si bien hab\u00eda deambulado por la zona preguntando por la se\u00f1ora Jimena Salas, obvio que no era para matarla (!) sino para llevarle unas sandalias para sus hijas, que aparentemente le hab\u00eda encargado la desafortunada mujer previamente. Seg\u00fan consta en el expediente y se expuso en aquel primer juicio.<\/p>\n<blockquote class=\"instagram-media\" style=\"background: #FFF; border: 0; border-radius: 3px; box-shadow: 0 0 1px 0 rgba(0,0,0,0.5),0 1px 10px 0 rgba(0,0,0,0.15); margin: 1px; max-width: 540px; min-width: 326px; padding: 0; width: calc(100% - 2px);\" data-instgrm-captioned=\"\" data-instgrm-permalink=\"https:\/\/www.instagram.com\/reel\/DQflwB2kRQE\/?utm_source=ig_embed&amp;utm_campaign=loading\" data-instgrm-version=\"14\">\n<div style=\"padding: 16px;\">\n<p>&nbsp;<\/p>\n<div style=\"display: flex; flex-direction: row; align-items: center;\">\n<div style=\"background-color: #f4f4f4; border-radius: 50%; flex-grow: 0; height: 40px; margin-right: 14px; width: 40px;\"><\/div>\n<div style=\"display: flex; flex-direction: column; flex-grow: 1; justify-content: center;\">\n<div style=\"background-color: #f4f4f4; border-radius: 4px; flex-grow: 0; height: 14px; margin-bottom: 6px; width: 100px;\"><\/div>\n<div style=\"background-color: #f4f4f4; border-radius: 4px; flex-grow: 0; height: 14px; width: 60px;\"><\/div>\n<\/div>\n<\/div>\n<div style=\"padding: 19% 0;\"><\/div>\n<div style=\"display: block; height: 50px; margin: 0 auto 12px; width: 50px;\"><\/div>\n<div style=\"padding-top: 8px;\">\n<div style=\"color: #3897f0; font-family: Arial,sans-serif; font-size: 14px; font-style: normal; font-weight: 550; line-height: 18px;\">Ver esta publicaci\u00f3n en Instagram<\/div>\n<\/div>\n<div style=\"padding: 12.5% 0;\"><\/div>\n<div style=\"display: flex; flex-direction: row; margin-bottom: 14px; align-items: center;\">\n<div>\n<div style=\"background-color: #f4f4f4; border-radius: 50%; height: 12.5px; width: 12.5px; transform: translateX(0px) translateY(7px);\"><\/div>\n<div style=\"background-color: #f4f4f4; height: 12.5px; transform: rotate(-45deg) translateX(3px) translateY(1px); width: 12.5px; flex-grow: 0; margin-right: 14px; margin-left: 2px;\"><\/div>\n<div style=\"background-color: #f4f4f4; border-radius: 50%; height: 12.5px; width: 12.5px; transform: translateX(9px) translateY(-18px);\"><\/div>\n<\/div>\n<div style=\"margin-left: 8px;\">\n<div style=\"background-color: #f4f4f4; border-radius: 50%; flex-grow: 0; height: 20px; width: 20px;\"><\/div>\n<div style=\"width: 0; height: 0; border-top: 2px solid transparent; border-left: 6px solid #f4f4f4; border-bottom: 2px solid transparent; transform: translateX(16px) translateY(-4px) rotate(30deg);\"><\/div>\n<\/div>\n<div style=\"margin-left: auto;\">\n<div style=\"width: 0px; border-top: 8px solid #F4F4F4; border-right: 8px solid transparent; transform: translateY(16px);\"><\/div>\n<div style=\"background-color: #f4f4f4; flex-grow: 0; height: 12px; width: 16px; transform: translateY(-4px);\"><\/div>\n<div style=\"width: 0; height: 0; border-top: 8px solid #F4F4F4; border-left: 8px solid transparent; transform: translateY(-4px) translateX(8px);\"><\/div>\n<\/div>\n<\/div>\n<div style=\"display: flex; flex-direction: column; flex-grow: 1; justify-content: center; margin-bottom: 24px;\">\n<div style=\"background-color: #f4f4f4; border-radius: 4px; flex-grow: 0; height: 14px; margin-bottom: 6px; width: 224px;\"><\/div>\n<div style=\"background-color: #f4f4f4; border-radius: 4px; flex-grow: 0; height: 14px; width: 144px;\"><\/div>\n<\/div>\n<p>&nbsp;<\/p>\n<p style=\"color: #c9c8cd; font-family: Arial,sans-serif; font-size: 14px; line-height: 17px; margin-bottom: 0; margin-top: 8px; overflow: hidden; padding: 8px 0 7px; text-align: center; text-overflow: ellipsis; white-space: nowrap;\"><a style=\"color: #c9c8cd; font-family: Arial,sans-serif; font-size: 14px; font-style: normal; font-weight: normal; line-height: 17px; text-decoration: none;\" href=\"https:\/\/www.instagram.com\/reel\/DQflwB2kRQE\/?utm_source=ig_embed&amp;utm_campaign=loading\" target=\"_blank\" rel=\"noopener\">Una publicaci\u00f3n compartida por Muy Critico (@muycriticodigital)<\/a><\/p>\n<\/div>\n<\/blockquote>\n<p><script async src=\"\/\/www.instagram.com\/embed.js\"><\/script><\/p>\n<p>Pasadas esas f\u00fatiles e inconducentes diligencias judiciales en los que la investigaci\u00f3n se desvirtu\u00f3 completamente mientras el por entonces jefe del Departamento de Investigaciones del CIF, <strong>Omar A. D\u00e1vila<\/strong> buscaba absurdas pistas como para configurar una acusaci\u00f3n que luego ser\u00eda desestimada por un verdadero \u201cDream Team\u201d conformado por los defensores , quienes desbarataron a la unidad fiscal conformada por entonces y le devolv\u00edan la libertad al perejil Sergio Vargas.<\/p>\n<p>Mientras esos desafortunados acontecimientos se desarrollaban y el mundo conoc\u00eda al temible Covid 19, los verdaderos asesinos reforzaban su escape aprovechando la torpeza de aquella hip\u00f3tesis investigativa desaparec\u00edan como alma que lleva el diablo.<\/p>\n<figure id=\"attachment_11041\" aria-describedby=\"caption-attachment-11041\" style=\"width: 1920px\" class=\"wp-caption aligncenter\"><img loading=\"lazy\" decoding=\"async\" class=\"wp-image-11041 size-full\" src=\"https:\/\/muycritico.com.ar\/web\/wp-content\/uploads\/2025\/11\/Foto-Testigo-2-2-scaled.jpg\" alt=\"\" width=\"1920\" height=\"2560\" srcset=\"https:\/\/muycritico.com.ar\/web\/wp-content\/uploads\/2025\/11\/Foto-Testigo-2-2-scaled.jpg 1920w, https:\/\/muycritico.com.ar\/web\/wp-content\/uploads\/2025\/11\/Foto-Testigo-2-2-768x1024.jpg 768w, https:\/\/muycritico.com.ar\/web\/wp-content\/uploads\/2025\/11\/Foto-Testigo-2-2-1152x1536.jpg 1152w, https:\/\/muycritico.com.ar\/web\/wp-content\/uploads\/2025\/11\/Foto-Testigo-2-2-1536x2048.jpg 1536w\" sizes=\"auto, (max-width: 1920px) 100vw, 1920px\" \/><figcaption id=\"caption-attachment-11041\" class=\"wp-caption-text\">La contextura f\u00edsica, los pectorales marcados y las manos son id\u00e9nticos. La fotograf\u00eda de abajo en la que sale custodiado Javier Saavedra es la \u00faltima imagen en vida del \u201cChino\u201d, fue durante la audiencia de incorporaci\u00f3n de pruebas. Foto: MUY CRITICO<\/figcaption><\/figure>\n<p><img loading=\"lazy\" decoding=\"async\" class=\"aligncenter size-full wp-image-1948\" src=\"https:\/\/muycritico.com.ar\/web\/wp-content\/uploads\/2024\/05\/CHINO-SAAVEDRA.jpg\" alt=\"\" width=\"900\" height=\"538\" srcset=\"https:\/\/muycritico.com.ar\/web\/wp-content\/uploads\/2024\/05\/CHINO-SAAVEDRA.jpg 900w, https:\/\/muycritico.com.ar\/web\/wp-content\/uploads\/2024\/05\/CHINO-SAAVEDRA-768x459.jpg 768w\" sizes=\"auto, (max-width: 900px) 100vw, 900px\" \/><\/p>\n<p>Uno de ellos ya se hab\u00eda escapado el norte en 2018 aunque regresaba de vez en cuando trayendo a su casa de parque Belgrano partes del bot\u00edn que robaba, tales como una notebook de una mujer a la que se la hab\u00eda sustra\u00eddo y que por cierto luego fue encontrada en los allanamientos. En cuanto al destino del \u201cHombre 2\u201d ya en ese punto era absolutamente incierto, tanto como lo es hasta el d\u00eda de hoy. Obvio que con todo el tiempo que tuvo ahora podr\u00eda estar haci\u00e9ndose un tratamiento de acupuntura en Behind, China o tomando una margarita en el Caribe.<\/p>\n<p>Pero la suerte de Javier Saavedra se desvanecer\u00eda cuando <strong>Pedro Garc\u00eda Castiella<\/strong> tom\u00f3 la decisi\u00f3n de dejar la Defensor\u00eda General y trasladarle a la Procuraci\u00f3n en 2021. Una vez instalado all\u00ed se enfoc\u00f3 en algunos temas altamente sensibles tales como la escalada del crimen organizado en el norte y el caso jam\u00e1s resuelto de Jimena Salas, entre muchos otros que hab\u00edan desbordado la seguridad en la provincia.<\/p>\n<figure id=\"attachment_2086\" aria-describedby=\"caption-attachment-2086\" style=\"width: 720px\" class=\"wp-caption aligncenter\"><img loading=\"lazy\" decoding=\"async\" class=\"wp-image-2086 size-full\" src=\"https:\/\/muycritico.com.ar\/web\/wp-content\/uploads\/2024\/05\/CHINO-SAAVEDRA-1.jpg\" alt=\"\" width=\"720\" height=\"733\" \/><figcaption id=\"caption-attachment-2086\" class=\"wp-caption-text\">El Chino en el norte, rodeado de ni\u00f1os encantados con su presencia angelical<\/figcaption><\/figure>\n<p>Mientras esa pancarta en las manifestaciones en la Plaza 9 de Julio que rezaba \u201cQuien mat\u00f3 a Jimena Salas\u201d, sostenido por sus amigas y familiares, parec\u00eda que jam\u00e1s tendr\u00eda ni siquiera un correlato y menos a\u00fan una respuesta.<\/p>\n<p>Sin embargo y contra todos los pron\u00f3sticos formaron una unidad nueva de investigaci\u00f3n y retomaron la l\u00ednea que sosten\u00eda el fiscal Pablo Paz. Solo bast\u00f3 la foto de un caniche toy color gris para dar con el Facebook de Javier Saavedra y comenzar una autentica cacer\u00eda humana que terminar\u00eda en Santa Victoria Este.<\/p>\n<p>Justo aqu\u00ed en este punto es cuando se abren las l\u00edneas en el terreno hipot\u00e9tico, de saber que fue del enigm\u00e1tico \u201cHombre 2\u201d. \u00bfQui\u00e9n es? \u00bfDe d\u00f3nde se conoc\u00edan con Javier Saavedra? \u00bfTen\u00eda sus mismas caracter\u00edsticas metodol\u00f3gicas? \u00bfActuaba en un perverso dueto delictivo con el \u201cChino\u201d desde hac\u00eda un tiempo a pesar de que no se registraron denuncias de esa caracter\u00edstica en la zona? aunque no todas las veces se realizan las denuncias y sobre todo la pregunta que desvela a los investigadores \u00bfQui\u00e9n es el Hombre 2?<\/p>\n<p>Permaneciendo en el terreno hipot\u00e9tico quedan otras inquietantes preguntas tales como: \u00bfQu\u00e9 fue lo que robaron ese d\u00eda? \u00bfDinero de Nicol\u00e1s Cajal que hab\u00eda guardado en alg\u00fan bolso oculto? \u00bfEl Hombre 2 se llev\u00f3 los ahorros de la pareja Cajal-Salas mientras el Chino escapaba al norte? a\u00fan no hay respuestas a todo eso.<\/p>\n<p>Tampoco a lo m\u00e1s perverso que se circunscribe a lo sucedido aquel d\u00eda. \u00bfEl Chino junto al Hombre 2 apu\u00f1alaron con un cuchillo cada uno a la v\u00edctima? \u00bfEl Hombre 2 entr\u00f3 en escena cuando las ni\u00f1as estaban ya encerradas en el ba\u00f1o y por ello es que una de ellas solo reconoci\u00f3 \u201cal hombre malo que lastim\u00f3 a mi mama\u201d?<\/p>\n<p>\u00bfEl Hombre 2 podr\u00eda ser m\u00e1s inteligente y perverso que Javier Saavedra y era el verdadero cerebro de las maniobras delictivas mandadlo al \u201cChino\u201d con el caniche en mano a seducir mujeres para luego \u00e9l entrar por atr\u00e1s?<\/p>\n<p>Quiz\u00e1s nunca puedan encontrar respuestas estas preguntas o quiz\u00e1s a pesar de todos estos a\u00f1os \u00a0el Hombre 2 cometa un error y sea localizado. Ser\u00eda un cierre absolutamente merecido para una unidad fiscal que trabaj\u00f3 con 50 polic\u00edas en 4 puntos cardinales de la ciudad de Salta y partir (solo) de una fotograf\u00eda de un caniche toy \u2013la misma con la que contaba la otra unidad\u2013 pudieron localizar a un astuto timador y encantador psicopatita que eludi\u00f3 al largo brazo de la ley por 5 a\u00f1os.<\/p>\n","protected":false},"excerpt":{"rendered":"<p>En la sangrienta escena del crimen hay dos patrones de ADN masculinos. Uno es el de Javier \u201cEl Chino\u201d Saavedra y el otro es un misterio, un enigma que los investigadores no pudieron desentra\u00f1ar desde aquel 27 de enero de 2017. Aun as\u00ed no es poca cosa tener identificado (aunque ya no en vida) al [&hellip;]<\/p>\n","protected":false},"author":2,"featured_media":11039,"comment_status":"open","ping_status":"closed","sticky":false,"template":"","format":"standard","meta":{"footnotes":""},"categories":[6],"tags":[43,42,276,1287,76,1288,77,872],"class_list":["post-11038","post","type-post","status-publish","format-standard","has-post-thumbnail","hentry","category-notas","tag-javier-saavedra","tag-jimena-salas","tag-luciano-romano","tag-luciano-romano-y-marcos-rubinovich","tag-marcelo-arancibia","tag-marcos-rubinovich","tag-pedro-garcia-castiella","tag-victor-sacca"],"_links":{"self":[{"href":"https:\/\/muycritico.com.ar\/web\/index.php?rest_route=\/wp\/v2\/posts\/11038","targetHints":{"allow":["GET"]}}],"collection":[{"href":"https:\/\/muycritico.com.ar\/web\/index.php?rest_route=\/wp\/v2\/posts"}],"about":[{"href":"https:\/\/muycritico.com.ar\/web\/index.php?rest_route=\/wp\/v2\/types\/post"}],"author":[{"embeddable":true,"href":"https:\/\/muycritico.com.ar\/web\/index.php?rest_route=\/wp\/v2\/users\/2"}],"replies":[{"embeddable":true,"href":"https:\/\/muycritico.com.ar\/web\/index.php?rest_route=%2Fwp%2Fv2%2Fcomments&post=11038"}],"version-history":[{"count":7,"href":"https:\/\/muycritico.com.ar\/web\/index.php?rest_route=\/wp\/v2\/posts\/11038\/revisions"}],"predecessor-version":[{"id":11060,"href":"https:\/\/muycritico.com.ar\/web\/index.php?rest_route=\/wp\/v2\/posts\/11038\/revisions\/11060"}],"wp:featuredmedia":[{"embeddable":true,"href":"https:\/\/muycritico.com.ar\/web\/index.php?rest_route=\/wp\/v2\/media\/11039"}],"wp:attachment":[{"href":"https:\/\/muycritico.com.ar\/web\/index.php?rest_route=%2Fwp%2Fv2%2Fmedia&parent=11038"}],"wp:term":[{"taxonomy":"category","embeddable":true,"href":"https:\/\/muycritico.com.ar\/web\/index.php?rest_route=%2Fwp%2Fv2%2Fcategories&post=11038"},{"taxonomy":"post_tag","embeddable":true,"href":"https:\/\/muycritico.com.ar\/web\/index.php?rest_route=%2Fwp%2Fv2%2Ftags&post=11038"}],"curies":[{"name":"wp","href":"https:\/\/api.w.org\/{rel}","templated":true}]}}