{"id":11029,"date":"2025-10-31T20:43:15","date_gmt":"2025-10-31T23:43:15","guid":{"rendered":"https:\/\/muycritico.com.ar\/web\/?p=11029"},"modified":"2026-01-18T19:12:17","modified_gmt":"2026-01-18T22:12:17","slug":"11029","status":"publish","type":"post","link":"https:\/\/muycritico.com.ar\/web\/?p=11029","title":{"rendered":"CAUSA CUADERNOS: \u201cEL CASO DE CORRUPCI\u00d3N M\u00c1S EXTENSO DE LA HISTORIA\u201d"},"content":{"rendered":"<p><strong>Lo dijo la fiscal general Fabiana Le\u00f3n, quien present\u00f3 un informe previo al inicio del debate oral, donde expuso las acusaciones y los n\u00fameros del expediente<\/strong><\/p>\n<p><!--more--><\/p>\n<p>A una semana del inicio del juicio por la causa conocida como Cuadernos de las coimas, la fiscal general Fabiana Le\u00f3n present\u00f3 un extenso informe en el que calific\u00f3 el expediente como &#8220;la investigaci\u00f3n de hechos de corrupci\u00f3n m\u00e1s extensa que se ha realizado en la historia judicial argentina&#8221;, solo comparable, seg\u00fan dijo, &#8220;a unas pocas en el mundo&#8221;.<\/p>\n<p>Seg\u00fan BAE NEGOCIOS el proceso oral comenzar\u00e1 el 6 de noviembre ante el Tribunal Oral Federal 7 (TOF 7), integrado por los jueces Enrique M\u00e9ndez Signori, Fernando Canero y Germ\u00e1n Castelli, y tiene como principal acusada a la expresidenta Cristina Fern\u00e1ndez de Kirchner, procesada por asociaci\u00f3n il\u00edcita y cohecho pasivo. Tambi\u00e9n ser\u00e1n juzgados Julio De Vido, Jos\u00e9 L\u00f3pez, Roberto Baratta, Ricardo Jaime, Juan Pablo Schiavi y decenas de empresarios vinculados a la obra p\u00fablica y la energ\u00eda.<\/p>\n<p><strong>Un caso que marcar\u00e1 un precedente judicial<\/strong><\/p>\n<p>En su documento de 40 p\u00e1ginas, la fiscal Le\u00f3n explic\u00f3 que el caso Cuadernos no solo re\u00fane m\u00faltiples expedientes, sino que constituye &#8220;una estructura de corrupci\u00f3n de gran escala&#8221; que funcion\u00f3 durante los gobiernos kirchneristas entre 2003 y 2015.<\/p>\n<p>El Ministerio P\u00fablico sostiene que los funcionarios organizaron un sistema de recaudaci\u00f3n de fondos ilegales provenientes de empresarios a cambio de adjudicaciones de contratos estatales y concesiones.<\/p>\n<p>El expediente se origin\u00f3 a partir de las anotaciones de Oscar Centeno, chofer del entonces funcionario Roberto Baratta, que registr\u00f3 minuciosamente traslados de dinero en efectivo desde empresas privadas hacia dependencias del Ministerio de Planificaci\u00f3n Federal.<\/p>\n<p>De esa investigaci\u00f3n surgieron al menos seis causas conexas, vinculadas a peajes, subsidios al transporte, importaci\u00f3n de gas licuado, cartelizaci\u00f3n de la obra p\u00fablica y lavado de activos en el exterior, entre ellas las operaciones atribuidas al fallecido secretario privado de N\u00e9stor Kirchner, Daniel Mu\u00f1oz.<\/p>\n<p><strong>Los n\u00fameros del &#8220;juicio m\u00e1s grande por corrupci\u00f3n&#8221;<\/strong><\/p>\n<p>Seg\u00fan la fiscal\u00eda, el proceso que comenzar\u00e1 en noviembre incluye 126 imputados, ocho calificaciones legales distintas y 899 testigos ofrecidos por la acusaci\u00f3n. Solo en la causa central se investigan 93 hechos y 45 coimputados junto a Cristina Kirchner.<\/p>\n<p>Las principales figuras penales son asociaci\u00f3n il\u00edcita, cohecho activo y pasivo, d\u00e1divas y encubrimiento. Las penas previstas van de 3 a 10 a\u00f1os de prisi\u00f3n, aunque el m\u00ednimo se eleva a cinco en el caso de los jefes u organizadores de la asociaci\u00f3n.<\/p>\n<p>Para Cristina Kirchner, la acusaci\u00f3n comprende 26 hechos de cohecho pasivo como coautora y jefa de la asociaci\u00f3n il\u00edcita, adem\u00e1s de 175 episodios adicionales en causas vinculadas.<\/p>\n<p><img loading=\"lazy\" decoding=\"async\" class=\"aligncenter size-full wp-image-11031\" src=\"https:\/\/muycritico.com.ar\/web\/wp-content\/uploads\/2025\/10\/CRISTINA.jpg\" alt=\"\" width=\"751\" height=\"443\" \/><\/p>\n<p><strong>&#8220;Defendemos los intereses de la sociedad&#8221;<\/strong><\/p>\n<p>La fiscal Fabiana Le\u00f3n remarc\u00f3 que el informe busca &#8220;transparentar el alcance del proceso&#8221; y garantizar el derecho a la informaci\u00f3n p\u00fablica sobre un caso de tal magnitud.<\/p>\n<p>&#8220;Los fiscales representamos los intereses de la sociedad en defensa de la legalidad, guiados por la objetividad en la b\u00fasqueda de la verdad y la restituci\u00f3n del imperio de la ley&#8221;, sostuvo.<\/p>\n<p>El Ministerio P\u00fablico Fiscal estar\u00e1 representado por Le\u00f3n, el fiscal coadyuvante Nicol\u00e1s Codromaz y los auxiliares fiscales Guido Ignacio Ambrosio y Claudio Nimis.<\/p>\n<p>Las audiencias, que se realizar\u00e1n de forma virtual, se extender\u00e1n durante varios meses y marcar\u00e1n un nuevo cap\u00edtulo en el historial de causas por corrupci\u00f3n en la Argentina.<\/p>\n","protected":false},"excerpt":{"rendered":"<p>Lo dijo la fiscal general Fabiana Le\u00f3n, quien present\u00f3 un informe previo al inicio del debate oral, donde expuso las acusaciones y los n\u00fameros del expediente<\/p>\n","protected":false},"author":2,"featured_media":11030,"comment_status":"open","ping_status":"closed","sticky":false,"template":"","format":"standard","meta":{"footnotes":""},"categories":[6],"tags":[53,872],"class_list":["post-11029","post","type-post","status-publish","format-standard","has-post-thumbnail","hentry","category-notas","tag-cristina-fernandez-de-kirchner","tag-victor-sacca"],"_links":{"self":[{"href":"https:\/\/muycritico.com.ar\/web\/index.php?rest_route=\/wp\/v2\/posts\/11029","targetHints":{"allow":["GET"]}}],"collection":[{"href":"https:\/\/muycritico.com.ar\/web\/index.php?rest_route=\/wp\/v2\/posts"}],"about":[{"href":"https:\/\/muycritico.com.ar\/web\/index.php?rest_route=\/wp\/v2\/types\/post"}],"author":[{"embeddable":true,"href":"https:\/\/muycritico.com.ar\/web\/index.php?rest_route=\/wp\/v2\/users\/2"}],"replies":[{"embeddable":true,"href":"https:\/\/muycritico.com.ar\/web\/index.php?rest_route=%2Fwp%2Fv2%2Fcomments&post=11029"}],"version-history":[{"count":2,"href":"https:\/\/muycritico.com.ar\/web\/index.php?rest_route=\/wp\/v2\/posts\/11029\/revisions"}],"predecessor-version":[{"id":11033,"href":"https:\/\/muycritico.com.ar\/web\/index.php?rest_route=\/wp\/v2\/posts\/11029\/revisions\/11033"}],"wp:featuredmedia":[{"embeddable":true,"href":"https:\/\/muycritico.com.ar\/web\/index.php?rest_route=\/wp\/v2\/media\/11030"}],"wp:attachment":[{"href":"https:\/\/muycritico.com.ar\/web\/index.php?rest_route=%2Fwp%2Fv2%2Fmedia&parent=11029"}],"wp:term":[{"taxonomy":"category","embeddable":true,"href":"https:\/\/muycritico.com.ar\/web\/index.php?rest_route=%2Fwp%2Fv2%2Fcategories&post=11029"},{"taxonomy":"post_tag","embeddable":true,"href":"https:\/\/muycritico.com.ar\/web\/index.php?rest_route=%2Fwp%2Fv2%2Ftags&post=11029"}],"curies":[{"name":"wp","href":"https:\/\/api.w.org\/{rel}","templated":true}]}}