{"id":11023,"date":"2025-10-31T18:08:03","date_gmt":"2025-10-31T21:08:03","guid":{"rendered":"https:\/\/muycritico.com.ar\/web\/?p=11023"},"modified":"2026-01-18T19:12:17","modified_gmt":"2026-01-18T22:12:17","slug":"el-mpf-de-salta-y-la-red-argentina-de-fiscales-ambientales-firman-un-convenio-para-fortalecer-la-proteccion-del-ambiente","status":"publish","type":"post","link":"https:\/\/muycritico.com.ar\/web\/?p=11023","title":{"rendered":"EL MPF DE SALTA Y LA RED ARGENTINA DE FISCALES AMBIENTALES FIRMAN UN CONVENIO PARA FORTALECER LA PROTECCI\u00d3N DEL AMBIENTE"},"content":{"rendered":"<p><strong>El acuerdo promueve la cooperaci\u00f3n y el intercambio de conocimientos entre fiscal\u00edas de todo el pa\u00eds, consolidando una red federal de acci\u00f3n en materia ambiental.<\/strong><\/p>\n<p><!--more--><\/p>\n<p>El procurador general de la Provincia de Salta, Pedro Garc\u00eda Castiella, firm\u00f3 este viernes un Convenio Marco de Colaboraci\u00f3n con la Red Argentina de Fiscales Ambientales (RAFA), representada por su presidente, Jorge Barraguirre, consolidando un nuevo paso en el fortalecimiento institucional para la defensa del ambiente y la promoci\u00f3n de la justicia ambiental en todo el territorio provincial y nacional.<\/p>\n<p>El acuerdo, rubricado establece un marco de cooperaci\u00f3n, colaboraci\u00f3n e intercambio de conocimientos entre ambas instituciones, con el objetivo de potenciar la investigaci\u00f3n, la formaci\u00f3n y la acci\u00f3n coordinada frente a los delitos y conflictos ambientales, as\u00ed como promover la capacitaci\u00f3n especializada de los Fiscales en materia de derecho ambiental.<\/p>\n<p><img loading=\"lazy\" decoding=\"async\" class=\"aligncenter size-full wp-image-11025\" src=\"https:\/\/muycritico.com.ar\/web\/wp-content\/uploads\/2025\/10\/FISCALES-GARCIA-CASTIELLA-2.jpeg\" alt=\"\" width=\"1280\" height=\"1113\" srcset=\"https:\/\/muycritico.com.ar\/web\/wp-content\/uploads\/2025\/10\/FISCALES-GARCIA-CASTIELLA-2.jpeg 1280w, https:\/\/muycritico.com.ar\/web\/wp-content\/uploads\/2025\/10\/FISCALES-GARCIA-CASTIELLA-2-768x668.jpeg 768w\" sizes=\"auto, (max-width: 1280px) 100vw, 1280px\" \/><\/p>\n<p>Garc\u00eda Castiella destac\u00f3 la relevancia de este convenio al se\u00f1alar que \u201cla protecci\u00f3n del ambiente constituye hoy una de las misiones esenciales del Ministerio P\u00fablico Fiscal, no solo como deber institucional, sino como compromiso con las generaciones presentes y futuras\u201d. Asimismo, subray\u00f3 que la articulaci\u00f3n con RAFA permitir\u00e1 \u201csumar capacidades t\u00e9cnicas y experiencias a nivel federal, favoreciendo la investigaci\u00f3n y persecuci\u00f3n penal de los delitos ambientales, y fortaleciendo las pol\u00edticas de prevenci\u00f3n y reparaci\u00f3n del da\u00f1o ambiental\u201d.<\/p>\n<p>Por su parte, Barraguirre celebr\u00f3 la adhesi\u00f3n del Ministerio P\u00fablico Fiscal de Salta a la Red, resaltando que \u201cla cooperaci\u00f3n entre las fiscal\u00edas de todo el pa\u00eds es fundamental para construir una respuesta integrada y efectiva frente a problem\u00e1ticas que trascienden fronteras jurisdiccionales, como el tr\u00e1fico de fauna, el desmonte ilegal o la contaminaci\u00f3n de los recursos naturales\u201d.<\/p>\n<p><img loading=\"lazy\" decoding=\"async\" class=\"aligncenter size-full wp-image-11026\" src=\"https:\/\/muycritico.com.ar\/web\/wp-content\/uploads\/2025\/10\/FISCALES-GARCIA-CASTIELLA-LLORET.jpeg\" alt=\"\" width=\"1280\" height=\"960\" srcset=\"https:\/\/muycritico.com.ar\/web\/wp-content\/uploads\/2025\/10\/FISCALES-GARCIA-CASTIELLA-LLORET.jpeg 1280w, https:\/\/muycritico.com.ar\/web\/wp-content\/uploads\/2025\/10\/FISCALES-GARCIA-CASTIELLA-LLORET-768x576.jpeg 768w\" sizes=\"auto, (max-width: 1280px) 100vw, 1280px\" \/><\/p>\n<p>Acompa\u00f1aron el acto de firma, el presidente del Consejo de Procuradores Generales de la Argentina, Jorge Canteros, el procurador general del Ministerio P\u00fablico de la Acusaci\u00f3n de la provincia de Jujuy, Alejandro Atilio Bossatti, el procurador adjunto Gonzalo Cesar de la Colina, el secretario de Pol\u00edtica Criminal de la Procuraci\u00f3n General de la provincia de Buenos Aires, Francisco Pont Verges y otras autoridades.<\/p>\n<p>El convenio prev\u00e9 la realizaci\u00f3n conjunta de programas de capacitaci\u00f3n, jornadas, investigaciones, intercambio de informaci\u00f3n y experiencias, y la elaboraci\u00f3n de estrategias comunes para la protecci\u00f3n ambiental. Tambi\u00e9n contempla la posibilidad de celebrar convenios espec\u00edficos para abordar proyectos particulares de inter\u00e9s com\u00fan.<\/p>\n<p>Con esta firma, el Ministerio P\u00fablico Fiscal de la Provincia reafirma su compromiso de promover una justicia ambiental activa, moderna y cooperativa, contribuyendo a la protecci\u00f3n del patrimonio natural y al fortalecimiento de los mecanismos institucionales de prevenci\u00f3n y sanci\u00f3n de los delitos ambientales.<\/p>\n","protected":false},"excerpt":{"rendered":"<p>El acuerdo promueve la cooperaci\u00f3n y el intercambio de conocimientos entre fiscal\u00edas de todo el pa\u00eds, consolidando una red federal de acci\u00f3n en materia ambiental.<\/p>\n","protected":false},"author":2,"featured_media":11024,"comment_status":"open","ping_status":"closed","sticky":false,"template":"","format":"standard","meta":{"footnotes":""},"categories":[6],"tags":[872],"class_list":["post-11023","post","type-post","status-publish","format-standard","has-post-thumbnail","hentry","category-notas","tag-victor-sacca"],"_links":{"self":[{"href":"https:\/\/muycritico.com.ar\/web\/index.php?rest_route=\/wp\/v2\/posts\/11023","targetHints":{"allow":["GET"]}}],"collection":[{"href":"https:\/\/muycritico.com.ar\/web\/index.php?rest_route=\/wp\/v2\/posts"}],"about":[{"href":"https:\/\/muycritico.com.ar\/web\/index.php?rest_route=\/wp\/v2\/types\/post"}],"author":[{"embeddable":true,"href":"https:\/\/muycritico.com.ar\/web\/index.php?rest_route=\/wp\/v2\/users\/2"}],"replies":[{"embeddable":true,"href":"https:\/\/muycritico.com.ar\/web\/index.php?rest_route=%2Fwp%2Fv2%2Fcomments&post=11023"}],"version-history":[{"count":1,"href":"https:\/\/muycritico.com.ar\/web\/index.php?rest_route=\/wp\/v2\/posts\/11023\/revisions"}],"predecessor-version":[{"id":11027,"href":"https:\/\/muycritico.com.ar\/web\/index.php?rest_route=\/wp\/v2\/posts\/11023\/revisions\/11027"}],"wp:featuredmedia":[{"embeddable":true,"href":"https:\/\/muycritico.com.ar\/web\/index.php?rest_route=\/wp\/v2\/media\/11024"}],"wp:attachment":[{"href":"https:\/\/muycritico.com.ar\/web\/index.php?rest_route=%2Fwp%2Fv2%2Fmedia&parent=11023"}],"wp:term":[{"taxonomy":"category","embeddable":true,"href":"https:\/\/muycritico.com.ar\/web\/index.php?rest_route=%2Fwp%2Fv2%2Fcategories&post=11023"},{"taxonomy":"post_tag","embeddable":true,"href":"https:\/\/muycritico.com.ar\/web\/index.php?rest_route=%2Fwp%2Fv2%2Ftags&post=11023"}],"curies":[{"name":"wp","href":"https:\/\/api.w.org\/{rel}","templated":true}]}}