{"id":11014,"date":"2025-10-31T10:33:32","date_gmt":"2025-10-31T13:33:32","guid":{"rendered":"https:\/\/muycritico.com.ar\/web\/?p=11014"},"modified":"2026-01-18T19:12:18","modified_gmt":"2026-01-18T22:12:18","slug":"se-coordinaron-acciones-para-prevenir-estafas-digitales","status":"publish","type":"post","link":"https:\/\/muycritico.com.ar\/web\/?p=11014","title":{"rendered":"SE COORDINARON ACCIONES PARA PREVENIR ESTAFAS DIGITALES"},"content":{"rendered":"<p><strong>El presidente del Ente Regulador de los Servicios P\u00fablicos, Carlos Saravia, mantuvo una reuni\u00f3n con la fiscal penal especializada en Ciberdelincuencia, Dra. Sof\u00eda Cornejo, a fin de abordar los casos de fraudes y estafas que se est\u00e1n registrando a trav\u00e9s de redes sociales y servicios de mensajer\u00eda, en los que se utiliza indebidamente el nombre del Ente y de las empresas prestatarias.<\/strong><\/p>\n<p><!--more--><\/p>\n<p>Durante el encuentro se comparti\u00f3 informaci\u00f3n sobre los hechos detectados y se acord\u00f3 trabajar en acciones conjuntas de prevenci\u00f3n, educaci\u00f3n e informaci\u00f3n dirigidas a los usuarios, con el objetivo de evitar que sean v\u00edctimas de enga\u00f1os.<\/p>\n<p>Saravia expres\u00f3 que \u201cestamos preocupados por la proliferaci\u00f3n de estafas y fraudes utilizando redes sociales. Esto implica, a veces, la falsa invocaci\u00f3n o anuncio de descuentos en las tarifas. Como consecuencia de ello, los usuarios terminan accediendo a enlaces o realizando pagos que son producto de maniobras delictivas\u201d.<\/p>\n<p><img loading=\"lazy\" decoding=\"async\" class=\"aligncenter size-full wp-image-11016\" src=\"https:\/\/muycritico.com.ar\/web\/wp-content\/uploads\/2025\/10\/SARAVIA-CORNEJO4.jpg\" alt=\"\" width=\"2048\" height=\"1366\" srcset=\"https:\/\/muycritico.com.ar\/web\/wp-content\/uploads\/2025\/10\/SARAVIA-CORNEJO4.jpg 2048w, https:\/\/muycritico.com.ar\/web\/wp-content\/uploads\/2025\/10\/SARAVIA-CORNEJO4-768x512.jpg 768w, https:\/\/muycritico.com.ar\/web\/wp-content\/uploads\/2025\/10\/SARAVIA-CORNEJO4-1536x1025.jpg 1536w\" sizes=\"auto, (max-width: 2048px) 100vw, 2048px\" \/><\/p>\n<p>Asimismo, remarc\u00f3 que \u201cvamos a trabajar junto a la Fiscal\u00eda para educar al usuario, explicarles c\u00f3mo operan estos criminales y advertir el peligro. El problema muchas veces es el exceso de confianza que nos lleva a ser v\u00edctimas de fraudes\u201d.<\/p>\n<p>El titular del Ente record\u00f3 adem\u00e1s que nunca se contacta a los usuarios de manera directa por redes sociales ni por WhatsApp para ofrecer beneficios, subsidios o descuentos. Finalmente, desde el Ente se brindaron algunas recomendaciones para evitar estafas digitales:<\/p>\n<p>No compartir datos personales, contrase\u00f1as o informaci\u00f3n bancaria por redes sociales o mensajer\u00eda.<\/p>\n<ul>\n<li>No hacer clic en enlaces desconocidos o que prometan descuentos y beneficios.<\/li>\n<li>Verificar siempre que los canales de comunicaci\u00f3n sean oficiales.<\/li>\n<li>Ante la sospecha de un intento de estafa, no responder y realizar la denuncia correspondiente.<\/li>\n<\/ul>\n<p><iframe loading=\"lazy\" style=\"border: none; overflow: hidden;\" src=\"https:\/\/www.facebook.com\/plugins\/video.php?height=476&amp;href=https%3A%2F%2Fwww.facebook.com%2Freel%2F1178301390885734%2F&amp;show_text=true&amp;width=476&amp;t=0\" width=\"476\" height=\"591\" frameborder=\"0\" scrolling=\"no\" allowfullscreen=\"allowfullscreen\"><\/iframe><\/p>\n","protected":false},"excerpt":{"rendered":"<p>El presidente del Ente Regulador de los Servicios P\u00fablicos, Carlos Saravia, mantuvo una reuni\u00f3n con la fiscal penal especializada en Ciberdelincuencia, Dra. Sof\u00eda Cornejo, a fin de abordar los casos de fraudes y estafas que se est\u00e1n registrando a trav\u00e9s de redes sociales y servicios de mensajer\u00eda, en los que se utiliza indebidamente el nombre [&hellip;]<\/p>\n","protected":false},"author":2,"featured_media":11015,"comment_status":"open","ping_status":"closed","sticky":false,"template":"","format":"standard","meta":{"footnotes":""},"categories":[6],"tags":[17,872],"class_list":["post-11014","post","type-post","status-publish","format-standard","has-post-thumbnail","hentry","category-notas","tag-ente-regulador","tag-victor-sacca"],"_links":{"self":[{"href":"https:\/\/muycritico.com.ar\/web\/index.php?rest_route=\/wp\/v2\/posts\/11014","targetHints":{"allow":["GET"]}}],"collection":[{"href":"https:\/\/muycritico.com.ar\/web\/index.php?rest_route=\/wp\/v2\/posts"}],"about":[{"href":"https:\/\/muycritico.com.ar\/web\/index.php?rest_route=\/wp\/v2\/types\/post"}],"author":[{"embeddable":true,"href":"https:\/\/muycritico.com.ar\/web\/index.php?rest_route=\/wp\/v2\/users\/2"}],"replies":[{"embeddable":true,"href":"https:\/\/muycritico.com.ar\/web\/index.php?rest_route=%2Fwp%2Fv2%2Fcomments&post=11014"}],"version-history":[{"count":1,"href":"https:\/\/muycritico.com.ar\/web\/index.php?rest_route=\/wp\/v2\/posts\/11014\/revisions"}],"predecessor-version":[{"id":11017,"href":"https:\/\/muycritico.com.ar\/web\/index.php?rest_route=\/wp\/v2\/posts\/11014\/revisions\/11017"}],"wp:featuredmedia":[{"embeddable":true,"href":"https:\/\/muycritico.com.ar\/web\/index.php?rest_route=\/wp\/v2\/media\/11015"}],"wp:attachment":[{"href":"https:\/\/muycritico.com.ar\/web\/index.php?rest_route=%2Fwp%2Fv2%2Fmedia&parent=11014"}],"wp:term":[{"taxonomy":"category","embeddable":true,"href":"https:\/\/muycritico.com.ar\/web\/index.php?rest_route=%2Fwp%2Fv2%2Fcategories&post=11014"},{"taxonomy":"post_tag","embeddable":true,"href":"https:\/\/muycritico.com.ar\/web\/index.php?rest_route=%2Fwp%2Fv2%2Ftags&post=11014"}],"curies":[{"name":"wp","href":"https:\/\/api.w.org\/{rel}","templated":true}]}}