{"id":11002,"date":"2025-10-30T15:23:12","date_gmt":"2025-10-30T18:23:12","guid":{"rendered":"https:\/\/muycritico.com.ar\/web\/?p=11002"},"modified":"2026-01-18T19:12:18","modified_gmt":"2026-01-18T22:12:18","slug":"las-obras-de-ordenamiento-del-transito-en-av-arenales-presentan-un-avance-del-90","status":"publish","type":"post","link":"https:\/\/muycritico.com.ar\/web\/?p=11002","title":{"rendered":"LAS OBRAS DE ORDENAMIENTO DEL TR\u00c1NSITO EN AV. ARENALES PRESENTAN UN AVANCE DEL 90%"},"content":{"rendered":"<p><strong>Los trabajos est\u00e1n pr\u00f3ximos a finalizar. Desde calle Pueyrred\u00f3n hasta De\u00e1n Funes ya tiene sentido \u00fanico (este a oeste). Se recomienda a los conductores seguir las indicaciones del personal de Tr\u00e1nsito Municipal.<\/strong><\/p>\n<p><!--more--><\/p>\n<p>Con el objetivo de garantizar la seguridad y el orden en la ciudad, la Municipalidad de Salta, a trav\u00e9s de la Secretar\u00eda de Tr\u00e1nsito y Seguridad Vial, contin\u00faa realizando distintas acciones. En ese marco, las obras de ordenamiento del tr\u00e1nsito que se ejecutan en Av. Arenales presentan un avance del 90%.<\/p>\n<p>Los trabajos est\u00e1n pr\u00f3ximos a concluir. Desde Pueyrred\u00f3n hasta De\u00e1n Funes ya tiene sentido \u00fanico (este a oeste).<\/p>\n<p>Adem\u00e1s, se realizan otras obras para mejorar la seguridad de conductores y peatones. Se busca solucionar problemas de circulaci\u00f3n en tres esquinas claves: Pueyrred\u00f3n, Dean Funes y Vicente L\u00f3pez.<\/p>\n<p>\u00abBuscamos mejorar la circulaci\u00f3n y evitar siniestros. Tenemos 25 proyectos de este tipo para ejecutar junto a Obras P\u00fablicas en distintos puntos de la ciudad\u00bb, dijo Mat\u00edas Assennato, secretario de Tr\u00e1nsito y Seguridad Vial.<\/p>\n<p>Se ejecutan las siguientes acciones:<\/p>\n<p>\u2013 Cambio de circulaci\u00f3n: Arenales ser\u00e1 de un solo sentido (este a oeste) desde Pueyrred\u00f3n hasta Dean Funes, en esa intersecci\u00f3n habr\u00e1 una isleta que direccionar\u00e1 el giro a la derecha hacia Anzo\u00e1tegui de los veh\u00edculos que vienen desde el oeste, que tambi\u00e9n tendr\u00e1 sentido \u00fanico<\/p>\n<p>\u2013 M\u00e1s seguridad: Se reduce la cantidad de maniobras en el cruce de Arenales y Pueyrred\u00f3n<\/p>\n<p>\u2013 Nuevas isletas: Antes del cruce ferroviario, se colocar\u00e1n para guiar a los veh\u00edculos de forma segura<\/p>\n<p>\u2013 Peatones primero: En Arenales y Vicente L\u00f3pez, se estrechar\u00e1n las esquinas para que los cruces sean m\u00e1s cortos y seguros<\/p>\n<p><iframe loading=\"lazy\" title=\"Las obras de ordenamiento del tr\u00e1nsito en Av. Arenales avanzaron en un 90%\" width=\"696\" height=\"392\" src=\"https:\/\/www.youtube.com\/embed\/4pUTYyCZtvg?feature=oembed\" frameborder=\"0\" allow=\"accelerometer; autoplay; clipboard-write; encrypted-media; gyroscope; picture-in-picture; web-share\" referrerpolicy=\"strict-origin-when-cross-origin\" allowfullscreen><\/iframe><\/p>\n","protected":false},"excerpt":{"rendered":"<p>Los trabajos est\u00e1n pr\u00f3ximos a finalizar. Desde calle Pueyrred\u00f3n hasta De\u00e1n Funes ya tiene sentido \u00fanico (este a oeste). Se recomienda a los conductores seguir las indicaciones del personal de Tr\u00e1nsito Municipal.<\/p>\n","protected":false},"author":2,"featured_media":11003,"comment_status":"open","ping_status":"closed","sticky":false,"template":"","format":"standard","meta":{"footnotes":""},"categories":[6],"tags":[872],"class_list":["post-11002","post","type-post","status-publish","format-standard","has-post-thumbnail","hentry","category-notas","tag-victor-sacca"],"_links":{"self":[{"href":"https:\/\/muycritico.com.ar\/web\/index.php?rest_route=\/wp\/v2\/posts\/11002","targetHints":{"allow":["GET"]}}],"collection":[{"href":"https:\/\/muycritico.com.ar\/web\/index.php?rest_route=\/wp\/v2\/posts"}],"about":[{"href":"https:\/\/muycritico.com.ar\/web\/index.php?rest_route=\/wp\/v2\/types\/post"}],"author":[{"embeddable":true,"href":"https:\/\/muycritico.com.ar\/web\/index.php?rest_route=\/wp\/v2\/users\/2"}],"replies":[{"embeddable":true,"href":"https:\/\/muycritico.com.ar\/web\/index.php?rest_route=%2Fwp%2Fv2%2Fcomments&post=11002"}],"version-history":[{"count":2,"href":"https:\/\/muycritico.com.ar\/web\/index.php?rest_route=\/wp\/v2\/posts\/11002\/revisions"}],"predecessor-version":[{"id":11005,"href":"https:\/\/muycritico.com.ar\/web\/index.php?rest_route=\/wp\/v2\/posts\/11002\/revisions\/11005"}],"wp:featuredmedia":[{"embeddable":true,"href":"https:\/\/muycritico.com.ar\/web\/index.php?rest_route=\/wp\/v2\/media\/11003"}],"wp:attachment":[{"href":"https:\/\/muycritico.com.ar\/web\/index.php?rest_route=%2Fwp%2Fv2%2Fmedia&parent=11002"}],"wp:term":[{"taxonomy":"category","embeddable":true,"href":"https:\/\/muycritico.com.ar\/web\/index.php?rest_route=%2Fwp%2Fv2%2Fcategories&post=11002"},{"taxonomy":"post_tag","embeddable":true,"href":"https:\/\/muycritico.com.ar\/web\/index.php?rest_route=%2Fwp%2Fv2%2Ftags&post=11002"}],"curies":[{"name":"wp","href":"https:\/\/api.w.org\/{rel}","templated":true}]}}