{"id":10999,"date":"2025-10-30T14:42:29","date_gmt":"2025-10-30T17:42:29","guid":{"rendered":"https:\/\/muycritico.com.ar\/web\/?p=10999"},"modified":"2026-01-18T19:12:18","modified_gmt":"2026-01-18T22:12:18","slug":"trabajos-de-conservacion-sobre-la-ruta-nacional-n-51-entre-campo-quijano-e-ingeniero-maury","status":"publish","type":"post","link":"https:\/\/muycritico.com.ar\/web\/?p=10999","title":{"rendered":"TRABAJOS DE CONSERVACI\u00d3N SOBRE LA RUTA NACIONAL N\u00b0 51 ENTRE CAMPO QUIJANO E INGENIERO MAURY"},"content":{"rendered":"<p><strong>Vialidad Nacional Salta informa que se llevan adelante trabajos de conservaci\u00f3n sobre la Ruta Nacional N\u00b0 51, en el tramo comprendido entre la salida de Campo Quijano e Ingeniero Maury.<\/strong><\/p>\n<p><!--more--><\/p>\n<p>Las tareas, son ejecutadas por la Divisi\u00f3n Conservaci\u00f3n y contemplan la colocaci\u00f3n de m\u00e1s de 800 m\u00b2 de colchonetas y m\u00e1s de 1.000 m\u00b3 de gaviones, junto al refuerzo en la limpieza y encauzamiento de r\u00edos y arroyos. Estas acciones tienen como objetivo prevenir y mitigar los efectos de las lluvias estivales, garantizando un mejor escurrimiento del agua y una r\u00e1pida habilitaci\u00f3n del tr\u00e1nsito ante eventuales contingencias.<\/p>\n<p><iframe loading=\"lazy\" title=\"TRABAJOS DE CONSERVACI\u00d3N SOBRE LA RUTA NACIONAL N\u00b0 51 ENTRE CAMPO QUIJANO E INGENIERO MAURY\" width=\"563\" height=\"1000\" src=\"https:\/\/www.youtube.com\/embed\/O3XADrowYEo?feature=oembed\" frameborder=\"0\" allow=\"accelerometer; autoplay; clipboard-write; encrypted-media; gyroscope; picture-in-picture; web-share\" referrerpolicy=\"strict-origin-when-cross-origin\" allowfullscreen><\/iframe><\/p>\n<p>Adem\u00e1s se intervendr\u00e1 en puntos estrat\u00e9gicos como el Km 28 (El Mollar), Km 46 (El Cebollar), Km 50 (Incamayo) y Km 60 (Ingeniero Maury), sectores clave para reforzar la estabilidad de taludes y estructuras de contenci\u00f3n.<\/p>\n<p>La Ruta Nacional N\u00b0 51 es uno de los corredores m\u00e1s importantes de la provincia de Salta, por su relevancia en el transporte minero y su conexi\u00f3n directa con el Corredor Bioce\u00e1nico hacia el oc\u00e9ano Pac\u00edfico.<\/p>\n<p>Vialidad Nacional contin\u00faa trabajando para fortalecer la seguridad vial y la conectividad en esta v\u00eda estrat\u00e9gica para el desarrollo econ\u00f3mico y productivo del norte argentino.<\/p>\n","protected":false},"excerpt":{"rendered":"<p>Vialidad Nacional Salta informa que se llevan adelante trabajos de conservaci\u00f3n sobre la Ruta Nacional N\u00b0 51, en el tramo comprendido entre la salida de Campo Quijano e Ingeniero Maury.<\/p>\n","protected":false},"author":2,"featured_media":11000,"comment_status":"open","ping_status":"closed","sticky":false,"template":"","format":"standard","meta":{"footnotes":""},"categories":[6],"tags":[872],"class_list":["post-10999","post","type-post","status-publish","format-standard","has-post-thumbnail","hentry","category-notas","tag-victor-sacca"],"_links":{"self":[{"href":"https:\/\/muycritico.com.ar\/web\/index.php?rest_route=\/wp\/v2\/posts\/10999","targetHints":{"allow":["GET"]}}],"collection":[{"href":"https:\/\/muycritico.com.ar\/web\/index.php?rest_route=\/wp\/v2\/posts"}],"about":[{"href":"https:\/\/muycritico.com.ar\/web\/index.php?rest_route=\/wp\/v2\/types\/post"}],"author":[{"embeddable":true,"href":"https:\/\/muycritico.com.ar\/web\/index.php?rest_route=\/wp\/v2\/users\/2"}],"replies":[{"embeddable":true,"href":"https:\/\/muycritico.com.ar\/web\/index.php?rest_route=%2Fwp%2Fv2%2Fcomments&post=10999"}],"version-history":[{"count":2,"href":"https:\/\/muycritico.com.ar\/web\/index.php?rest_route=\/wp\/v2\/posts\/10999\/revisions"}],"predecessor-version":[{"id":11006,"href":"https:\/\/muycritico.com.ar\/web\/index.php?rest_route=\/wp\/v2\/posts\/10999\/revisions\/11006"}],"wp:featuredmedia":[{"embeddable":true,"href":"https:\/\/muycritico.com.ar\/web\/index.php?rest_route=\/wp\/v2\/media\/11000"}],"wp:attachment":[{"href":"https:\/\/muycritico.com.ar\/web\/index.php?rest_route=%2Fwp%2Fv2%2Fmedia&parent=10999"}],"wp:term":[{"taxonomy":"category","embeddable":true,"href":"https:\/\/muycritico.com.ar\/web\/index.php?rest_route=%2Fwp%2Fv2%2Fcategories&post=10999"},{"taxonomy":"post_tag","embeddable":true,"href":"https:\/\/muycritico.com.ar\/web\/index.php?rest_route=%2Fwp%2Fv2%2Ftags&post=10999"}],"curies":[{"name":"wp","href":"https:\/\/api.w.org\/{rel}","templated":true}]}}