{"id":10994,"date":"2025-10-30T13:45:11","date_gmt":"2025-10-30T16:45:11","guid":{"rendered":"https:\/\/muycritico.com.ar\/web\/?p=10994"},"modified":"2026-01-18T19:12:18","modified_gmt":"2026-01-18T22:12:18","slug":"con-enfoque-de-genero-la-fiscalia-investiga-la-muerte-de-una-mujer-en-situacion-de-vulnerabilidad-y-avanza-sobre-redes-criminales-vinculadas-al-narcotrafico","status":"publish","type":"post","link":"https:\/\/muycritico.com.ar\/web\/?p=10994","title":{"rendered":"CON ENFOQUE DE G\u00c9NERO: LA FISCAL\u00cdA INVESTIGA LA MUERTE DE UNA MUJER EN SITUACI\u00d3N DE VULNERABILIDAD Y AVANZA SOBRE REDES CRIMINALES VINCULADAS AL NARCOTR\u00c1FICO"},"content":{"rendered":"<p><strong>Fueron detenidos en un importante operativo realizado este mi\u00e9rcoles, donde intervinieron m\u00e1s de 50 efectivos, se allanaron siete domicilios y se detuvo a tres personas como sospechosas.<\/strong><\/p>\n<p><!--more--><\/p>\n<p>El caso se inici\u00f3 cuando la joven fue trasladada en estado cr\u00edtico al centro de salud de Villa Primavera por personas con las que se encontraba reunida. La mujer falleci\u00f3 d\u00edas despu\u00e9s, y desde ese momento se dispuso una investigaci\u00f3n integral para determinar las circunstancias que rodearon su muerte.<\/p>\n<p>Por su parte la Unidad Fiscal integrada por Mar\u00eda Luj\u00e1n Sodero Calvet y Santiago L\u00f3pez Soto, lleva adelante una investigaci\u00f3n coordinada por la Procuraci\u00f3n General de la Provincia, originada a partir del fallecimiento de una mujer de 25 a\u00f1os ocurrido a fines de septiembre en la ciudad de Salta.<\/p>\n<p><img loading=\"lazy\" decoding=\"async\" class=\"aligncenter size-full wp-image-10996\" src=\"https:\/\/muycritico.com.ar\/web\/wp-content\/uploads\/2025\/10\/CIF-ALLANAMIENTO2.jpeg\" alt=\"\" width=\"1280\" height=\"960\" srcset=\"https:\/\/muycritico.com.ar\/web\/wp-content\/uploads\/2025\/10\/CIF-ALLANAMIENTO2.jpeg 1280w, https:\/\/muycritico.com.ar\/web\/wp-content\/uploads\/2025\/10\/CIF-ALLANAMIENTO2-768x576.jpeg 768w\" sizes=\"auto, (max-width: 1280px) 100vw, 1280px\" \/><\/p>\n<p>El abordaje del caso se realiza con perspectiva de g\u00e9nero, entendiendo que la mujer se encontraba en una situaci\u00f3n de vulnerabilidad y consumo problem\u00e1tico, y que tales condiciones pudieron haber sido aprovechadas por su entorno inmediato, configurando un contexto de violencia estructural y subordinaci\u00f3n.<\/p>\n<p>A partir de estas premisas, se conform\u00f3 una Unidad Fiscal interdisciplinaria con el objetivo de esclarecer las causas del fallecimiento y avanzar sobre posibles estructuras de criminalidad organizada vinculadas a la provisi\u00f3n y comercializaci\u00f3n de estupefacientes.<\/p>\n<p><img loading=\"lazy\" decoding=\"async\" class=\"aligncenter size-full wp-image-10997\" src=\"https:\/\/muycritico.com.ar\/web\/wp-content\/uploads\/2025\/10\/CIF-ALLANAMIENTO4.jpeg\" alt=\"\" width=\"1200\" height=\"1600\" srcset=\"https:\/\/muycritico.com.ar\/web\/wp-content\/uploads\/2025\/10\/CIF-ALLANAMIENTO4.jpeg 1200w, https:\/\/muycritico.com.ar\/web\/wp-content\/uploads\/2025\/10\/CIF-ALLANAMIENTO4-768x1024.jpeg 768w, https:\/\/muycritico.com.ar\/web\/wp-content\/uploads\/2025\/10\/CIF-ALLANAMIENTO4-1152x1536.jpeg 1152w\" sizes=\"auto, (max-width: 1200px) 100vw, 1200px\" \/><\/p>\n<p>Durante las \u00faltimas semanas, el trabajo conjunto de las \u00e1reas de investigaci\u00f3n del CIF y de las Fiscal\u00edas intervinientes permiti\u00f3 reunir elementos que orientaron la investigaci\u00f3n hacia personas presuntamente dedicadas a la comercializaci\u00f3n de sustancias de forma organizada, con posible relaci\u00f3n a las personas que la mujer frecuentaba y con quienes habr\u00eda compartido las ultimas horas antes de ser hospitalizada.<\/p>\n<p>Se realizaron an\u00e1lisis de comunicaciones, registros f\u00edlmicos, pericias cient\u00edficas y tareas de campo, que derivaron en siente allanamientos simult\u00e1neos realizados este mi\u00e9rcoles 29,\u00a0 con la intevenci\u00f3n de m\u00e1s de 50 efectivos de las Unidades de Investigaci\u00f3n de la UFINAR, UDEC, UEI, UDIS y UGAP, dependientes del Departamento de Investigaciones y Criminolog\u00eda del CIF, y con la colaboraci\u00f3n de efectivos policiales del GOPAR y del Departamento de Infanter\u00eda.<\/p>\n<p>El operativo permiti\u00f3 la detenci\u00f3n de tres hombres de 20, 35 y 49 a\u00f1os, como presuntos coautores del delito de comercializaci\u00f3n de estupefacientes agravada por la participaci\u00f3n de tres o m\u00e1s personas en forma organizada; y el secuestro de sustancias, dinero en efectivo, dispositivos m\u00f3viles y otros elementos de inter\u00e9s para la investigaci\u00f3n, consolidando un avance significativo en el esclarecimiento de los v\u00ednculos entre el entorno de la v\u00edctima y una organizaci\u00f3n dedicada al narcotr\u00e1fico.<\/p>\n<p>Las audiencias de imputaci\u00f3n de los detenidos se realizar\u00e1n en las pr\u00f3ximas horas, y los resultados se incorporar\u00e1n al expediente principal que investiga la muerte de la joven.<\/p>\n<p>La Unidad Fiscal, subray\u00f3 que la investigaci\u00f3n se encuentra en desarrollo y que seg\u00fan los protocolos establecidos por el Ministerio P\u00fablico Fiscal, toda muerte de una mujer debe ser visibilizada y abordada con perspectiva de genero.<\/p>\n","protected":false},"excerpt":{"rendered":"<p>Fueron detenidos en un importante operativo realizado este mi\u00e9rcoles, donde intervinieron m\u00e1s de 50 efectivos, se allanaron siete domicilios y se detuvo a tres personas como sospechosas.<\/p>\n","protected":false},"author":2,"featured_media":10995,"comment_status":"open","ping_status":"closed","sticky":false,"template":"","format":"standard","meta":{"footnotes":""},"categories":[6],"tags":[872],"class_list":["post-10994","post","type-post","status-publish","format-standard","has-post-thumbnail","hentry","category-notas","tag-victor-sacca"],"_links":{"self":[{"href":"https:\/\/muycritico.com.ar\/web\/index.php?rest_route=\/wp\/v2\/posts\/10994","targetHints":{"allow":["GET"]}}],"collection":[{"href":"https:\/\/muycritico.com.ar\/web\/index.php?rest_route=\/wp\/v2\/posts"}],"about":[{"href":"https:\/\/muycritico.com.ar\/web\/index.php?rest_route=\/wp\/v2\/types\/post"}],"author":[{"embeddable":true,"href":"https:\/\/muycritico.com.ar\/web\/index.php?rest_route=\/wp\/v2\/users\/2"}],"replies":[{"embeddable":true,"href":"https:\/\/muycritico.com.ar\/web\/index.php?rest_route=%2Fwp%2Fv2%2Fcomments&post=10994"}],"version-history":[{"count":1,"href":"https:\/\/muycritico.com.ar\/web\/index.php?rest_route=\/wp\/v2\/posts\/10994\/revisions"}],"predecessor-version":[{"id":10998,"href":"https:\/\/muycritico.com.ar\/web\/index.php?rest_route=\/wp\/v2\/posts\/10994\/revisions\/10998"}],"wp:featuredmedia":[{"embeddable":true,"href":"https:\/\/muycritico.com.ar\/web\/index.php?rest_route=\/wp\/v2\/media\/10995"}],"wp:attachment":[{"href":"https:\/\/muycritico.com.ar\/web\/index.php?rest_route=%2Fwp%2Fv2%2Fmedia&parent=10994"}],"wp:term":[{"taxonomy":"category","embeddable":true,"href":"https:\/\/muycritico.com.ar\/web\/index.php?rest_route=%2Fwp%2Fv2%2Fcategories&post=10994"},{"taxonomy":"post_tag","embeddable":true,"href":"https:\/\/muycritico.com.ar\/web\/index.php?rest_route=%2Fwp%2Fv2%2Ftags&post=10994"}],"curies":[{"name":"wp","href":"https:\/\/api.w.org\/{rel}","templated":true}]}}