{"id":10985,"date":"2025-10-29T16:03:31","date_gmt":"2025-10-29T19:03:31","guid":{"rendered":"https:\/\/muycritico.com.ar\/web\/?p=10985"},"modified":"2026-01-18T19:12:19","modified_gmt":"2026-01-18T22:12:19","slug":"maria-cash-el-fiscal-villalba-insistio-con-la-responsabilidad-del-camionero","status":"publish","type":"post","link":"https:\/\/muycritico.com.ar\/web\/?p=10985","title":{"rendered":"MAR\u00cdA CASH: EL FISCAL VILLALBA INSISTI\u00d3 CON LA RESPONSABILIDAD DEL CAMIONERO"},"content":{"rendered":"<p><strong>Ante la C\u00e1mara de Apelaciones, el Fiscal dijo que Romero fue el \u00faltimo en ver a Cash con vida, cuestion\u00f3 que nunca colabor\u00f3 con la investigaci\u00f3n y pidi\u00f3 cambiar a la Jueza por cerrar \u201canticipadamente\u201d la causa.<\/strong><\/p>\n<p><!--more--><\/p>\n<p>En una audiencia celebrada este mi\u00e9rcoles en la C\u00e1mara Federal de Apelaciones de Salta, el fiscal Eduardo Villalba pidi\u00f3 declarar nulo el sobreseimiento del camionero H\u00e9ctor Romero, quien hab\u00eda sido desvinculado de la causa que investiga la desaparici\u00f3n y posible femicidio de Mar\u00eda Cash, ocurrida en julio de 2011.<\/p>\n<p>Villalba sostuvo ante los jueces que la resoluci\u00f3n dictada por la jueza Mariela Gim\u00e9nez, el 12 de mayo pasado, \u201ccarece de motivaci\u00f3n suficiente y prescinde de las constancias de la causa que sustentan la responsabilidad de Romero\u201d.<\/p>\n<p>\u201cRespetamos el trabajo de la jueza, pero el auto de sobreseimiento es nulo porque no est\u00e1 motivado y deja de lado elementos que acreditan la responsabilidad de Romero\u201d, se\u00f1al\u00f3 el fiscal.<\/p>\n<p>Acompa\u00f1ado por el querellante Nicol\u00e1s Escandar, el Ministerio P\u00fablico Fiscal tambi\u00e9n pidi\u00f3 que el caso cambie de juzgado, al cuestionar el cierre anticipado de la investigaci\u00f3n.<\/p>\n<p>Villalba afirm\u00f3 que existen \u201cserios indicios\u201d que vinculan al camionero con la desaparici\u00f3n de la joven:<\/p>\n<p>\u201cRomero fue la \u00faltima persona que la levant\u00f3 en la ruta, nunca colabor\u00f3 con la investigaci\u00f3n y nunca explic\u00f3 qu\u00e9 pas\u00f3. Hay un derecho a la verdad: la familia de Mar\u00eda tiene derecho a saber qu\u00e9 ocurri\u00f3\u201d, expres\u00f3.<\/p>\n<p>El fiscal explic\u00f3 que el fallo de sobreseimiento se apoy\u00f3 en un peritaje \u201cincompleto\u201d, que desestim\u00f3 el trabajo realizado durante a\u00f1os por el equipo t\u00e9cnico del Ministerio P\u00fablico.<\/p>\n<p>\u201cUn sobreseimiento impedir\u00eda volver a investigarlo, y el cuerpo de Mar\u00eda nunca apareci\u00f3. Por eso esta resoluci\u00f3n es prematura y debe ser anulada\u201d, advirti\u00f3.<\/p>\n<p>Villalba tambi\u00e9n mencion\u00f3 posibles encubrimientos y maniobras para desviar la investigaci\u00f3n:<\/p>\n<p>\u201cNo hablo de complicidades en el hecho, sino de encubrimientos que buscaron que no se lo investigue a Romero\u201d, dijo.<\/p>\n<p>La audiencia continu\u00f3 con la exposici\u00f3n de la querella, que comparte la hip\u00f3tesis de la Fiscal\u00eda. Luego fue el turno de la defensa del imputado.<\/p>\n<p>Al finalizar la audiencia, el Tribunal anunci\u00f3 que por la complejidad de la causa y la cantidad de cuerpos que tiene el expediente \u201cva a tomar m\u00e1s tiempo del previsto emitir una resoluci\u00f3n, pero que tratar\u00e1n que sea antes de fin de a\u00f1o\u201d.<\/p>\n","protected":false},"excerpt":{"rendered":"<p>Ante la C\u00e1mara de Apelaciones, el Fiscal dijo que Romero fue el \u00faltimo en ver a Cash con vida, cuestion\u00f3 que nunca colabor\u00f3 con la investigaci\u00f3n y pidi\u00f3 cambiar a la Jueza por cerrar \u201canticipadamente\u201d la causa.<\/p>\n","protected":false},"author":2,"featured_media":10986,"comment_status":"open","ping_status":"closed","sticky":false,"template":"","format":"standard","meta":{"footnotes":""},"categories":[6],"tags":[872],"class_list":["post-10985","post","type-post","status-publish","format-standard","has-post-thumbnail","hentry","category-notas","tag-victor-sacca"],"_links":{"self":[{"href":"https:\/\/muycritico.com.ar\/web\/index.php?rest_route=\/wp\/v2\/posts\/10985","targetHints":{"allow":["GET"]}}],"collection":[{"href":"https:\/\/muycritico.com.ar\/web\/index.php?rest_route=\/wp\/v2\/posts"}],"about":[{"href":"https:\/\/muycritico.com.ar\/web\/index.php?rest_route=\/wp\/v2\/types\/post"}],"author":[{"embeddable":true,"href":"https:\/\/muycritico.com.ar\/web\/index.php?rest_route=\/wp\/v2\/users\/2"}],"replies":[{"embeddable":true,"href":"https:\/\/muycritico.com.ar\/web\/index.php?rest_route=%2Fwp%2Fv2%2Fcomments&post=10985"}],"version-history":[{"count":1,"href":"https:\/\/muycritico.com.ar\/web\/index.php?rest_route=\/wp\/v2\/posts\/10985\/revisions"}],"predecessor-version":[{"id":10987,"href":"https:\/\/muycritico.com.ar\/web\/index.php?rest_route=\/wp\/v2\/posts\/10985\/revisions\/10987"}],"wp:featuredmedia":[{"embeddable":true,"href":"https:\/\/muycritico.com.ar\/web\/index.php?rest_route=\/wp\/v2\/media\/10986"}],"wp:attachment":[{"href":"https:\/\/muycritico.com.ar\/web\/index.php?rest_route=%2Fwp%2Fv2%2Fmedia&parent=10985"}],"wp:term":[{"taxonomy":"category","embeddable":true,"href":"https:\/\/muycritico.com.ar\/web\/index.php?rest_route=%2Fwp%2Fv2%2Fcategories&post=10985"},{"taxonomy":"post_tag","embeddable":true,"href":"https:\/\/muycritico.com.ar\/web\/index.php?rest_route=%2Fwp%2Fv2%2Ftags&post=10985"}],"curies":[{"name":"wp","href":"https:\/\/api.w.org\/{rel}","templated":true}]}}