{"id":10979,"date":"2025-10-28T19:28:29","date_gmt":"2025-10-28T22:28:29","guid":{"rendered":"https:\/\/muycritico.com.ar\/web\/?p=10979"},"modified":"2026-01-18T19:29:29","modified_gmt":"2026-01-18T22:29:29","slug":"conmemoraron-el-dia-provincial-del-brigadista-forestal","status":"publish","type":"post","link":"https:\/\/muycritico.com.ar\/web\/?p=10979","title":{"rendered":"CONMEMORARON EL D\u00cdA PROVINCIAL DEL BRIGADISTA FORESTAL"},"content":{"rendered":"<p><strong>Al cumplirse 11 a\u00f1os de la tragedia en Guachipas, autoridades provinciales, municipales, cuarteles de bomberos voluntarios y familiares rindieron un sentido homenaje. Destacaron la labor de los brigadistas realizada en distintos puntos de la provincia.<\/strong><\/p>\n<p><!--more--><\/p>\n<p>El secretario de Seguridad, Nicol\u00e1s Avellaneda, y el subsecretario de Defensa Civil, Ignacio Vilchez, encabezaron el acto por el D\u00eda Provincial del Brigadista Forestal, realizado en la rotonda donde se levanta el monumento que recuerda la memoria del personal fallecido en Guachipas y en La Caldera.<\/p>\n<p>En la oportunidad, Avellaneda, honr\u00f3 la memoria de los brigadistas Mauricio Valdez, V\u00edctor Humberto Ferreyra, Mart\u00edn Albarrac\u00edn y Mat\u00edas Daniel Vilte, y del piloto Alejandro Kropilnicki quienes ofrendaron su vida en cumplimiento de su deber.<\/p>\n<p>En su discurso, hizo un reconocimiento al trabajo de quienes arriesgan sus vidas para combatir incendios y proteger los recursos naturales. Adem\u00e1s reiter\u00f3 las gestiones que se realizan junto a los municipios para que cada jurisdicci\u00f3n pueda contar con sus propios equipos de Defensa Civil y de esta manera atender a las emergencias en el menor tiempo posible.<\/p>\n<p>Por su parte el subsecretario de Defensa Civil, Ignacio Vilchez, destac\u00f3 la fecha tan especial, a partir de la promulgaci\u00f3n de la\u00a0 ley que homenajea a los brigadistas fallecidos en 2014 y reconoce su labor clave en el combate de incendios.<\/p>\n<p>La invocaci\u00f3n religiosa, bendici\u00f3n de placa y de reconocimientos estuvo a cargo del padre Pedro R\u00edos.<\/p>\n<p>Durante la ceremonia, se descubri\u00f3 una placa conmemorativa, se colocaron ofrendas florales en nombre del Gobierno de la Provincia y de la Municipalidad de la Ciudad de Salta y se entregaron recordatorios a los familiares que participaron del acto, con el acompa\u00f1amiento de la Banda de M\u00fasica \u201cSanta Cecilia\u201d de la Polic\u00eda.<\/p>\n<p>Participaron de la ceremonia, el director general de Defensa Civil, Gonzalo Rodr\u00edguez, el director de Operaciones, Mat\u00edas Garrone, el subsecretario de Protecci\u00f3n Ciudadana municipal, Ernesto Flores, el coordinador jur\u00eddico de la Secretar\u00eda de Seguridad, Francis Mir, representando a la Coordinaci\u00f3n NOA del Servicio Nacional de Manejo del Fuego, Lautaro V\u00e1zquez y Griselda Geri, autoridades municipales, policiales, representantes de los distintos cuarteles de bomberos Voluntarios, invitados especiales y vecinos de la zona.<\/p>\n","protected":false},"excerpt":{"rendered":"<p>Al cumplirse 11 a\u00f1os de la tragedia en Guachipas, autoridades provinciales, municipales, cuarteles de bomberos voluntarios y familiares rindieron un sentido homenaje. Destacaron la labor de los brigadistas realizada en distintos puntos de la provincia.<\/p>\n","protected":false},"author":2,"featured_media":10980,"comment_status":"open","ping_status":"closed","sticky":false,"template":"","format":"standard","meta":{"footnotes":""},"categories":[1],"tags":[872],"class_list":["post-10979","post","type-post","status-publish","format-standard","has-post-thumbnail","hentry","category-sin-categoria","tag-victor-sacca"],"_links":{"self":[{"href":"https:\/\/muycritico.com.ar\/web\/index.php?rest_route=\/wp\/v2\/posts\/10979","targetHints":{"allow":["GET"]}}],"collection":[{"href":"https:\/\/muycritico.com.ar\/web\/index.php?rest_route=\/wp\/v2\/posts"}],"about":[{"href":"https:\/\/muycritico.com.ar\/web\/index.php?rest_route=\/wp\/v2\/types\/post"}],"author":[{"embeddable":true,"href":"https:\/\/muycritico.com.ar\/web\/index.php?rest_route=\/wp\/v2\/users\/2"}],"replies":[{"embeddable":true,"href":"https:\/\/muycritico.com.ar\/web\/index.php?rest_route=%2Fwp%2Fv2%2Fcomments&post=10979"}],"version-history":[{"count":1,"href":"https:\/\/muycritico.com.ar\/web\/index.php?rest_route=\/wp\/v2\/posts\/10979\/revisions"}],"predecessor-version":[{"id":10981,"href":"https:\/\/muycritico.com.ar\/web\/index.php?rest_route=\/wp\/v2\/posts\/10979\/revisions\/10981"}],"wp:featuredmedia":[{"embeddable":true,"href":"https:\/\/muycritico.com.ar\/web\/index.php?rest_route=\/wp\/v2\/media\/10980"}],"wp:attachment":[{"href":"https:\/\/muycritico.com.ar\/web\/index.php?rest_route=%2Fwp%2Fv2%2Fmedia&parent=10979"}],"wp:term":[{"taxonomy":"category","embeddable":true,"href":"https:\/\/muycritico.com.ar\/web\/index.php?rest_route=%2Fwp%2Fv2%2Fcategories&post=10979"},{"taxonomy":"post_tag","embeddable":true,"href":"https:\/\/muycritico.com.ar\/web\/index.php?rest_route=%2Fwp%2Fv2%2Ftags&post=10979"}],"curies":[{"name":"wp","href":"https:\/\/api.w.org\/{rel}","templated":true}]}}