{"id":10976,"date":"2025-10-28T17:36:32","date_gmt":"2025-10-28T20:36:32","guid":{"rendered":"https:\/\/muycritico.com.ar\/web\/?p=10976"},"modified":"2026-01-18T19:12:19","modified_gmt":"2026-01-18T22:12:19","slug":"suelta-de-libros-ya-se-recolectan-ejemplares-para-la-proxima-edicion","status":"publish","type":"post","link":"https:\/\/muycritico.com.ar\/web\/?p=10976","title":{"rendered":"SUELTA DE LIBROS: YA SE RECOLECTAN EJEMPLARES PARA LA PR\u00d3XIMA EDICI\u00d3N"},"content":{"rendered":"<p><strong>Se llevar\u00e1 a cabo el jueves 13 de noviembre, en lugar a confirmar. En esta oportunidad, se podr\u00e1n donar materiales de formaci\u00f3n superior. La recepci\u00f3n se har\u00e1 en las oficinas de Espacios P\u00fablicos, Alvarado 735, o bien, dependiendo la cantidad, personal municipal pasa a retirarlos.<\/strong><\/p>\n<p><!--more--><\/p>\n<p>La ciudad se prepara para una nueva edici\u00f3n de la Suelta de Libros. Ser\u00e1 el 13 de noviembre en lugar a confirmar. Se trata de la quinta edici\u00f3n de esta propuesta que atrae a estudiantes, vecinos y visitantes y, en esta oportunidad, estar\u00e1 destinada a la Formaci\u00f3n Superior.<\/p>\n<p>Es por eso que, desde la Municipalidad ya se inici\u00f3 la recolecci\u00f3n de libros, para que los estudiantes que acudan puedan llevarse los ejemplares que deseen.<\/p>\n<p>Quienes deseen donar libros pueden acercarse a Alvarado 735, oficina de Espacios P\u00fablicos, o bien, dependiendo de la cantidad, enviar un mensaje al 3872235604 para que personal municipal pase a retirarlos.<\/p>\n<p>En la Suelta habr\u00e1 libros y apuntes, de distintas carreras, y quienes concurran podr\u00e1n llevarse totalmente gratis uno o varios ejemplares. Se espera juntar una gran cantidad de libros y se anticipa una buena concurrencia para esta nueva edici\u00f3n.<\/p>\n","protected":false},"excerpt":{"rendered":"<p>Se llevar\u00e1 a cabo el jueves 13 de noviembre, en lugar a confirmar. En esta oportunidad, se podr\u00e1n donar materiales de formaci\u00f3n superior. La recepci\u00f3n se har\u00e1 en las oficinas de Espacios P\u00fablicos, Alvarado 735, o bien, dependiendo la cantidad, personal municipal pasa a retirarlos.<\/p>\n","protected":false},"author":2,"featured_media":10977,"comment_status":"open","ping_status":"closed","sticky":false,"template":"","format":"standard","meta":{"footnotes":""},"categories":[6],"tags":[872],"class_list":["post-10976","post","type-post","status-publish","format-standard","has-post-thumbnail","hentry","category-notas","tag-victor-sacca"],"_links":{"self":[{"href":"https:\/\/muycritico.com.ar\/web\/index.php?rest_route=\/wp\/v2\/posts\/10976","targetHints":{"allow":["GET"]}}],"collection":[{"href":"https:\/\/muycritico.com.ar\/web\/index.php?rest_route=\/wp\/v2\/posts"}],"about":[{"href":"https:\/\/muycritico.com.ar\/web\/index.php?rest_route=\/wp\/v2\/types\/post"}],"author":[{"embeddable":true,"href":"https:\/\/muycritico.com.ar\/web\/index.php?rest_route=\/wp\/v2\/users\/2"}],"replies":[{"embeddable":true,"href":"https:\/\/muycritico.com.ar\/web\/index.php?rest_route=%2Fwp%2Fv2%2Fcomments&post=10976"}],"version-history":[{"count":1,"href":"https:\/\/muycritico.com.ar\/web\/index.php?rest_route=\/wp\/v2\/posts\/10976\/revisions"}],"predecessor-version":[{"id":10978,"href":"https:\/\/muycritico.com.ar\/web\/index.php?rest_route=\/wp\/v2\/posts\/10976\/revisions\/10978"}],"wp:featuredmedia":[{"embeddable":true,"href":"https:\/\/muycritico.com.ar\/web\/index.php?rest_route=\/wp\/v2\/media\/10977"}],"wp:attachment":[{"href":"https:\/\/muycritico.com.ar\/web\/index.php?rest_route=%2Fwp%2Fv2%2Fmedia&parent=10976"}],"wp:term":[{"taxonomy":"category","embeddable":true,"href":"https:\/\/muycritico.com.ar\/web\/index.php?rest_route=%2Fwp%2Fv2%2Fcategories&post=10976"},{"taxonomy":"post_tag","embeddable":true,"href":"https:\/\/muycritico.com.ar\/web\/index.php?rest_route=%2Fwp%2Fv2%2Ftags&post=10976"}],"curies":[{"name":"wp","href":"https:\/\/api.w.org\/{rel}","templated":true}]}}