{"id":10973,"date":"2025-10-28T16:55:23","date_gmt":"2025-10-28T19:55:23","guid":{"rendered":"https:\/\/muycritico.com.ar\/web\/?p=10973"},"modified":"2026-01-18T19:12:19","modified_gmt":"2026-01-18T22:12:19","slug":"jimena-salas-ii-finalizo-la-ronda-de-testimoniales-e-incorporaron-la-prueba","status":"publish","type":"post","link":"https:\/\/muycritico.com.ar\/web\/?p=10973","title":{"rendered":"JIMENA SALAS II: FINALIZ\u00d3 LA RONDA DE TESTIMONIALES E INCORPORARON LA PRUEBA"},"content":{"rendered":"<p><strong>El juicio por el femicidio de Jimena Salas se reanud\u00f3 hoy con la declaraci\u00f3n de los dos \u00faltimos testigos ofrecidos por la defensa. De esta manera concluy\u00f3 la recepci\u00f3n de la evidencia testimonial. Seguidamente se incorpor\u00f3 toda la prueba reunida durante el proceso.<\/strong><\/p>\n<p><!--more--><\/p>\n<p>El tribunal realiz\u00f3 la inspecci\u00f3n ocular de los veh\u00edculos secuestrados en el marco de la causa. Concluido el tr\u00e1mite se pas\u00f3 a un cuarto intermedio hasta el mi\u00e9rcoles 5 de noviembre, fecha de inicio de los alegatos.<\/p>\n<p>Hasta tanto y los \u00faltimos en prestar declaraci\u00f3n fueron una vecina y un amigo de los hermanos Saavedra. La primera testigo dijo conocer a los imputados desde 2011, a\u00f1o en que se mud\u00f3 a Parque Belgrano. Sostuvo que tuvo m\u00e1s contacto con Dami\u00e1n, a quien ella y su familia ayudaron a montar un \u201cpub\u201d que funcionaba en su casa. Dijo que \u00e9l era el encargado del negocio. No supo precisar en qu\u00e9 a\u00f1o lo inaugur\u00f3.<\/p>\n<p>Se\u00f1al\u00f3 que sab\u00eda que sus vecinos eran hinchas de Gimnasia y Tiro y que la casa de los Saavedra era punto de encuentro antes de los partidos. Dijo que su concepto de ambos era bueno y asegur\u00f3 que nunca hab\u00eda tenido problemas con ellos.<\/p>\n<p>Seguidamente declar\u00f3 un amigo de los imputados. Cont\u00f3 que los conoc\u00eda desde la adolescencia porque su pareja era amiga de la novia de Dami\u00e1n, y que hab\u00edan compartido actividades deportivas y recreativas desde siempre. Entre ellas, ir juntos a la cancha de Gimnasia y Tiro con un grupo de amigos autodenominados \u201cLos pibes\u201d.<\/p>\n<p>Consultado acerca de si hab\u00edan tenido problemas con la polic\u00eda en alg\u00fan momento, sostuvo que no, que solo se hab\u00edan visto expuestos a situaciones \u201cpropias del folclore del f\u00fatbol\u201d.<\/p>\n<p>S\u00ed reconoci\u00f3 haber estado detenido con los dos acusados en una causa por da\u00f1os. Dijo que en aquel momento eran adolescentes y que hab\u00edan tenido \u201cactos de rebeld\u00eda propios de la edad\u201d. En esa ocasi\u00f3n los hab\u00edan denunciado por romper autos a la salida de una fiesta.<\/p>\n<p>Consultado por la fiscal\u00eda, tambi\u00e9n reconoci\u00f3 haber estado imputado junto a los Saavedra en una causa por el robo a una vicar\u00eda.<\/p>\n<p>El testigo habl\u00f3 sobre lo que conoc\u00eda en relaci\u00f3n a la actividad laboral de los acusados. Dijo que Guillermo trabajaba en Aguas del Norte y que Dami\u00e1n colaboraba con los padres en la casa. Agreg\u00f3 que tambi\u00e9n atend\u00eda una sangucher\u00eda en su casa. Sobre la fecha de apertura del local calcul\u00f3 unos 7 u 8 a\u00f1os atr\u00e1s.<\/p>\n<p>Afirm\u00f3 que los Saavedra ten\u00edan un autom\u00f3vil VW Vento marr\u00f3n que usaba toda la familia y un Renault Cl\u00edo azul que manejaba Guillermo.<\/p>\n<p>Finalmente comparti\u00f3 su concepto de los acusados asegurando que eran \u201cmuy buenos amigos y muy sanos\u201d.<\/p>\n<p>En la audiencia de debate est\u00e1n siendo juzgados los hermanos Adri\u00e1n Guillermo Saavedra (38) y Carlos Dami\u00e1n Saavedra (40), imputados por homicidio calificado por alevos\u00eda, ensa\u00f1amiento, criminis causa por el concurso premeditado de dos o m\u00e1s personas, femicidio.<\/p>\n<p>El tribunal est\u00e1 integrado por los jueces Jos\u00e9 Luis Riera (presidente), M\u00f3nica Faber y Maximiliano Troyano (vocales). Por el Ministerio P\u00fablico interviene una unidad fiscal conformada por M\u00f3nica Poma, Gabriel Gonz\u00e1lez y Leandro Flores. La defensa de los dos imputados est\u00e1 a cargo de Marcelo Arancibia y la querella estar\u00e1 representada por Pedro Arancibia.<\/p>\n<p>La muerte de Jimena Salas ocurri\u00f3 el 27 de enero de 2017 en barrio San Nicol\u00e1s de la localidad de Vaqueros.<\/p>\n","protected":false},"excerpt":{"rendered":"<p>El juicio por el femicidio de Jimena Salas se reanud\u00f3 hoy con la declaraci\u00f3n de los dos \u00faltimos testigos ofrecidos por la defensa. De esta manera concluy\u00f3 la recepci\u00f3n de la evidencia testimonial. Seguidamente se incorpor\u00f3 toda la prueba reunida durante el proceso.<\/p>\n","protected":false},"author":2,"featured_media":10974,"comment_status":"open","ping_status":"closed","sticky":false,"template":"","format":"standard","meta":{"footnotes":""},"categories":[6],"tags":[872],"class_list":["post-10973","post","type-post","status-publish","format-standard","has-post-thumbnail","hentry","category-notas","tag-victor-sacca"],"_links":{"self":[{"href":"https:\/\/muycritico.com.ar\/web\/index.php?rest_route=\/wp\/v2\/posts\/10973","targetHints":{"allow":["GET"]}}],"collection":[{"href":"https:\/\/muycritico.com.ar\/web\/index.php?rest_route=\/wp\/v2\/posts"}],"about":[{"href":"https:\/\/muycritico.com.ar\/web\/index.php?rest_route=\/wp\/v2\/types\/post"}],"author":[{"embeddable":true,"href":"https:\/\/muycritico.com.ar\/web\/index.php?rest_route=\/wp\/v2\/users\/2"}],"replies":[{"embeddable":true,"href":"https:\/\/muycritico.com.ar\/web\/index.php?rest_route=%2Fwp%2Fv2%2Fcomments&post=10973"}],"version-history":[{"count":1,"href":"https:\/\/muycritico.com.ar\/web\/index.php?rest_route=\/wp\/v2\/posts\/10973\/revisions"}],"predecessor-version":[{"id":10975,"href":"https:\/\/muycritico.com.ar\/web\/index.php?rest_route=\/wp\/v2\/posts\/10973\/revisions\/10975"}],"wp:featuredmedia":[{"embeddable":true,"href":"https:\/\/muycritico.com.ar\/web\/index.php?rest_route=\/wp\/v2\/media\/10974"}],"wp:attachment":[{"href":"https:\/\/muycritico.com.ar\/web\/index.php?rest_route=%2Fwp%2Fv2%2Fmedia&parent=10973"}],"wp:term":[{"taxonomy":"category","embeddable":true,"href":"https:\/\/muycritico.com.ar\/web\/index.php?rest_route=%2Fwp%2Fv2%2Fcategories&post=10973"},{"taxonomy":"post_tag","embeddable":true,"href":"https:\/\/muycritico.com.ar\/web\/index.php?rest_route=%2Fwp%2Fv2%2Ftags&post=10973"}],"curies":[{"name":"wp","href":"https:\/\/api.w.org\/{rel}","templated":true}]}}