{"id":10968,"date":"2025-10-28T00:09:50","date_gmt":"2025-10-28T03:09:50","guid":{"rendered":"https:\/\/muycritico.com.ar\/web\/?p=10968"},"modified":"2026-01-18T19:12:19","modified_gmt":"2026-01-18T22:12:19","slug":"la-municipalidad-comenzo-con-el-operativo-de-retiro-de-carteleria-politica","status":"publish","type":"post","link":"https:\/\/muycritico.com.ar\/web\/?p=10968","title":{"rendered":"LA MUNICIPALIDAD COMENZ\u00d3 CON EL OPERATIVO DE RETIRO DE CARTELER\u00cdA POL\u00cdTICA"},"content":{"rendered":"<p><strong>Esta ma\u00f1ana, el \u00e1rea de Espacios P\u00fablicos inici\u00f3 el trabajo de limpieza en las calles y avenidas principales. Equipos municipales realizan el levantamiento de pancartas, pasacalles y publicidades dando cumplimiento a la Ordenanza 13.777.<\/strong><\/p>\n<p><!--more--><\/p>\n<p>Luego de las elecciones legislativas de ayer, la Municipalidad comenz\u00f3 con el operativo de retiro de carteler\u00eda pol\u00edtica.<\/p>\n<p>Esta ma\u00f1ana, personal de la Subsecretar\u00eda de Espacios P\u00fablicos inici\u00f3 el trabajo de limpieza en las calles y avenidas principales, como Av. Bicentenario, Av. Yrigoyen y Av. Entre R\u00edos. Se realiz\u00f3 la limpieza de carteler\u00eda pol\u00edtica colocadas, mayormente, en postes de alumbrado p\u00fablico, muchos de ellos notificados para proceder a su retiro.<\/p>\n<p>\u00abEn aproximadamente 10 d\u00edas tendremos la ciudad limpia de carteler\u00eda pol\u00edtica. Adem\u00e1s, le damos prioridad al retiro de la carteler\u00eda que se ubica en estructuras met\u00e1licas. Buscamos orden y seguridad en el municipio\u00bb, dijo Esteban Carral, secretario de Espacios P\u00fablicos y Protecci\u00f3n Ciudadana.<\/p>\n<p>Las tareas se realizan dando cumplimiento a la Ordenanza 13.77\/09, art\u00edculo 25, inciso C, que establece las prohibiciones sobre carteler\u00eda colocada en el alumbrado p\u00fablico.<\/p>\n<p>Con estas acciones se busca concientizar sobre el uso razonable de los espacios visuales, evitar la contaminaci\u00f3n ambiental y preservar la seguridad de los ciudadanos.<\/p>\n<p>Las cuadrillas continuar\u00e1n el recorrido por diversos barrios de la ciudad retirando la carteler\u00eda no permitida.<\/p>\n<p><iframe loading=\"lazy\" title=\"La Municipalidad comenz\u00f3 con el operativo de retiro de carteler\u00eda pol\u00edtica\" width=\"696\" height=\"392\" src=\"https:\/\/www.youtube.com\/embed\/7Eow7P_MSoE?feature=oembed\" frameborder=\"0\" allow=\"accelerometer; autoplay; clipboard-write; encrypted-media; gyroscope; picture-in-picture; web-share\" referrerpolicy=\"strict-origin-when-cross-origin\" allowfullscreen><\/iframe><\/p>\n","protected":false},"excerpt":{"rendered":"<p>Esta ma\u00f1ana, el \u00e1rea de Espacios P\u00fablicos inici\u00f3 el trabajo de limpieza en las calles y avenidas principales. Equipos municipales realizan el levantamiento de pancartas, pasacalles y publicidades dando cumplimiento a la Ordenanza 13.777.<\/p>\n","protected":false},"author":2,"featured_media":10969,"comment_status":"open","ping_status":"closed","sticky":false,"template":"","format":"standard","meta":{"footnotes":""},"categories":[6],"tags":[872],"class_list":["post-10968","post","type-post","status-publish","format-standard","has-post-thumbnail","hentry","category-notas","tag-victor-sacca"],"_links":{"self":[{"href":"https:\/\/muycritico.com.ar\/web\/index.php?rest_route=\/wp\/v2\/posts\/10968","targetHints":{"allow":["GET"]}}],"collection":[{"href":"https:\/\/muycritico.com.ar\/web\/index.php?rest_route=\/wp\/v2\/posts"}],"about":[{"href":"https:\/\/muycritico.com.ar\/web\/index.php?rest_route=\/wp\/v2\/types\/post"}],"author":[{"embeddable":true,"href":"https:\/\/muycritico.com.ar\/web\/index.php?rest_route=\/wp\/v2\/users\/2"}],"replies":[{"embeddable":true,"href":"https:\/\/muycritico.com.ar\/web\/index.php?rest_route=%2Fwp%2Fv2%2Fcomments&post=10968"}],"version-history":[{"count":1,"href":"https:\/\/muycritico.com.ar\/web\/index.php?rest_route=\/wp\/v2\/posts\/10968\/revisions"}],"predecessor-version":[{"id":10970,"href":"https:\/\/muycritico.com.ar\/web\/index.php?rest_route=\/wp\/v2\/posts\/10968\/revisions\/10970"}],"wp:featuredmedia":[{"embeddable":true,"href":"https:\/\/muycritico.com.ar\/web\/index.php?rest_route=\/wp\/v2\/media\/10969"}],"wp:attachment":[{"href":"https:\/\/muycritico.com.ar\/web\/index.php?rest_route=%2Fwp%2Fv2%2Fmedia&parent=10968"}],"wp:term":[{"taxonomy":"category","embeddable":true,"href":"https:\/\/muycritico.com.ar\/web\/index.php?rest_route=%2Fwp%2Fv2%2Fcategories&post=10968"},{"taxonomy":"post_tag","embeddable":true,"href":"https:\/\/muycritico.com.ar\/web\/index.php?rest_route=%2Fwp%2Fv2%2Ftags&post=10968"}],"curies":[{"name":"wp","href":"https:\/\/api.w.org\/{rel}","templated":true}]}}