{"id":10964,"date":"2025-10-28T00:02:06","date_gmt":"2025-10-28T03:02:06","guid":{"rendered":"https:\/\/muycritico.com.ar\/web\/?p=10964"},"modified":"2026-01-18T19:12:19","modified_gmt":"2026-01-18T22:12:19","slug":"el-galpon-se-sumo-al-mes-rosa-para-concientizar-sobre-el-cancer-de-mama","status":"publish","type":"post","link":"https:\/\/muycritico.com.ar\/web\/?p=10964","title":{"rendered":"EL GALP\u00d3N SE SUM\u00d3 AL MES ROSA PARA CONCIENTIZAR SOBRE EL C\u00c1NCER DE MAMA"},"content":{"rendered":"<p><strong>La Plaza Jos\u00e9 Ignacio Gorriti se visti\u00f3 de rosa para acompa\u00f1ar una causa que salva vidas: la lucha y concientizaci\u00f3n sobre el c\u00e1ncer de mama.<\/strong><\/p>\n<p><!--more--><\/p>\n<p>Cada mes de octubre, en todo el mundo, se impulsa esta campa\u00f1a que busca promover la detecci\u00f3n temprana, difundir informaci\u00f3n sobre los controles preventivos y acompa\u00f1ar a quienes atraviesan la enfermedad. Hablar de c\u00e1ncer de mama es hablar de salud, de cuidado y de empat\u00eda.<\/p>\n<p>En El Galp\u00f3n, distintas instituciones se sumaron a esta jornada de compromiso y reflexi\u00f3n: el Hospital San Francisco Solano, la Comisar\u00eda Segunda, el IES Anexo El Galp\u00f3n, el BSPA, la Brigada contra el Dengue, el Instituto EDDIS, el stand de la familia Maza en honor a Jimena Maza, emprendedoras locales y el Punto Hogar.<\/p>\n<p><img loading=\"lazy\" decoding=\"async\" class=\"aligncenter size-full wp-image-10966\" src=\"https:\/\/muycritico.com.ar\/web\/wp-content\/uploads\/2025\/10\/GALPON-ROSA2.jpg\" alt=\"\" width=\"960\" height=\"1280\" srcset=\"https:\/\/muycritico.com.ar\/web\/wp-content\/uploads\/2025\/10\/GALPON-ROSA2.jpg 960w, https:\/\/muycritico.com.ar\/web\/wp-content\/uploads\/2025\/10\/GALPON-ROSA2-768x1024.jpg 768w\" sizes=\"auto, (max-width: 960px) 100vw, 960px\" \/><\/p>\n<p>Desde la Municipalidad de El Galp\u00f3n acompa\u00f1amos y valoramos este tipo de acciones que fortalecen la conciencia colectiva y reafirman que la prevenci\u00f3n es la herramienta m\u00e1s poderosa para cuidar la vida.<\/p>\n<p>Un examen a tiempo puede marcar la diferencia. Hablemos, inform\u00e9monos y sigamos construyendo juntos una comunidad solidaria y comprometida con la salud.<\/p>\n","protected":false},"excerpt":{"rendered":"<p>La Plaza Jos\u00e9 Ignacio Gorriti se visti\u00f3 de rosa para acompa\u00f1ar una causa que salva vidas: la lucha y concientizaci\u00f3n sobre el c\u00e1ncer de mama.<\/p>\n","protected":false},"author":2,"featured_media":10965,"comment_status":"open","ping_status":"closed","sticky":false,"template":"","format":"standard","meta":{"footnotes":""},"categories":[6],"tags":[872],"class_list":["post-10964","post","type-post","status-publish","format-standard","has-post-thumbnail","hentry","category-notas","tag-victor-sacca"],"_links":{"self":[{"href":"https:\/\/muycritico.com.ar\/web\/index.php?rest_route=\/wp\/v2\/posts\/10964","targetHints":{"allow":["GET"]}}],"collection":[{"href":"https:\/\/muycritico.com.ar\/web\/index.php?rest_route=\/wp\/v2\/posts"}],"about":[{"href":"https:\/\/muycritico.com.ar\/web\/index.php?rest_route=\/wp\/v2\/types\/post"}],"author":[{"embeddable":true,"href":"https:\/\/muycritico.com.ar\/web\/index.php?rest_route=\/wp\/v2\/users\/2"}],"replies":[{"embeddable":true,"href":"https:\/\/muycritico.com.ar\/web\/index.php?rest_route=%2Fwp%2Fv2%2Fcomments&post=10964"}],"version-history":[{"count":1,"href":"https:\/\/muycritico.com.ar\/web\/index.php?rest_route=\/wp\/v2\/posts\/10964\/revisions"}],"predecessor-version":[{"id":10967,"href":"https:\/\/muycritico.com.ar\/web\/index.php?rest_route=\/wp\/v2\/posts\/10964\/revisions\/10967"}],"wp:featuredmedia":[{"embeddable":true,"href":"https:\/\/muycritico.com.ar\/web\/index.php?rest_route=\/wp\/v2\/media\/10965"}],"wp:attachment":[{"href":"https:\/\/muycritico.com.ar\/web\/index.php?rest_route=%2Fwp%2Fv2%2Fmedia&parent=10964"}],"wp:term":[{"taxonomy":"category","embeddable":true,"href":"https:\/\/muycritico.com.ar\/web\/index.php?rest_route=%2Fwp%2Fv2%2Fcategories&post=10964"},{"taxonomy":"post_tag","embeddable":true,"href":"https:\/\/muycritico.com.ar\/web\/index.php?rest_route=%2Fwp%2Fv2%2Ftags&post=10964"}],"curies":[{"name":"wp","href":"https:\/\/api.w.org\/{rel}","templated":true}]}}