{"id":10960,"date":"2025-10-27T23:52:46","date_gmt":"2025-10-28T02:52:46","guid":{"rendered":"https:\/\/muycritico.com.ar\/web\/?p=10960"},"modified":"2026-01-18T19:12:19","modified_gmt":"2026-01-18T22:12:19","slug":"la-provincia-inicio-la-renovacion-de-mas-7-000-metros-de-canerias-en-ciudad-del-milagro","status":"publish","type":"post","link":"https:\/\/muycritico.com.ar\/web\/?p=10960","title":{"rendered":"LA PROVINCIA INICI\u00d3 LA RENOVACI\u00d3N DE M\u00c1S 7.000 METROS DE CA\u00d1ER\u00cdAS EN CIUDAD DEL MILAGRO"},"content":{"rendered":"<p><strong>Aguas del Norte trabaja en el recambio de la red de agua en la zona norte de Salta Capital. Se trata de la renovaci\u00f3n de m\u00e1s de 7.000 metros de ca\u00f1os que tienen una antig\u00fcedad superior a los 50 a\u00f1os.<\/strong><\/p>\n<p><!--more--><\/p>\n<p>La empresa Aguas del Norte inform\u00f3 la renovaci\u00f3n de m\u00e1s de 7.000 metros de ca\u00f1os que tienen una antig\u00fcedad superior a los 50 a\u00f1os en Ciudad del Milagro.<\/p>\n<p>La obra mejorar\u00e1 la calidad de servicio a m\u00e1s de 8.000 vecinos que viven en la zona, evitando p\u00e9rdidas de agua y mejorando la presi\u00f3n en ese sector.<\/p>\n<p>El presidente de Aguas del Norte, Ignacio Jars\u00fan, junto a vecinos de Ciudad del Milagro, recorrieron la obra de la renovaci\u00f3n de ca\u00f1er\u00edas para reemplazar la antigua red sanitaria existente y optimizar\u00a0 el servicio de agua potable.<\/p>\n<p><img loading=\"lazy\" decoding=\"async\" class=\"aligncenter size-full wp-image-10962\" src=\"https:\/\/muycritico.com.ar\/web\/wp-content\/uploads\/2025\/10\/jarsun.jpg\" alt=\"\" width=\"1049\" height=\"596\" srcset=\"https:\/\/muycritico.com.ar\/web\/wp-content\/uploads\/2025\/10\/jarsun.jpg 1049w, https:\/\/muycritico.com.ar\/web\/wp-content\/uploads\/2025\/10\/jarsun-768x436.jpg 768w\" sizes=\"auto, (max-width: 1049px) 100vw, 1049px\" \/><\/p>\n<p>Jars\u00fan explic\u00f3 que, como consecuencia del estado generalizado de deterioro de las ca\u00f1er\u00edas, se presenta un alto nivel de reclamos operativos por baja presi\u00f3n, corte parcial o falta de servicio y, con la obra en ejecuci\u00f3n, justamente se busca disminuir reclamos y evitar p\u00e9rdidas en calzadas y veredas.<\/p>\n<p>\u201cSe trata de una obra muy esperada por los vecinos, felizmente ya pudimos comenzarla, y en los pr\u00f3ximos meses se continuar\u00e1 trabajando para que la renovaci\u00f3n de ca\u00f1er\u00edas permita seguir mejorando el servicio que prestamos en zona norte de Salta capital. Esta obra se suma a otras que tenemos en ejecuci\u00f3n, como nuevos pozos de abastecimiento y renovaci\u00f3n de ca\u00f1er\u00edas en distintos puntos de la ciudad\u201d, indic\u00f3.<\/p>\n<p>Las tareas est\u00e1n previstas en tres\u00a0 etapas y se trabajar\u00e1 con ca\u00f1er\u00eda de PEAD.<\/p>\n","protected":false},"excerpt":{"rendered":"<p>Aguas del Norte trabaja en el recambio de la red de agua en la zona norte de Salta Capital. Se trata de la renovaci\u00f3n de m\u00e1s de 7.000 metros de ca\u00f1os que tienen una antig\u00fcedad superior a los 50 a\u00f1os.<\/p>\n","protected":false},"author":2,"featured_media":10961,"comment_status":"open","ping_status":"closed","sticky":false,"template":"","format":"standard","meta":{"footnotes":""},"categories":[6],"tags":[872],"class_list":["post-10960","post","type-post","status-publish","format-standard","has-post-thumbnail","hentry","category-notas","tag-victor-sacca"],"_links":{"self":[{"href":"https:\/\/muycritico.com.ar\/web\/index.php?rest_route=\/wp\/v2\/posts\/10960","targetHints":{"allow":["GET"]}}],"collection":[{"href":"https:\/\/muycritico.com.ar\/web\/index.php?rest_route=\/wp\/v2\/posts"}],"about":[{"href":"https:\/\/muycritico.com.ar\/web\/index.php?rest_route=\/wp\/v2\/types\/post"}],"author":[{"embeddable":true,"href":"https:\/\/muycritico.com.ar\/web\/index.php?rest_route=\/wp\/v2\/users\/2"}],"replies":[{"embeddable":true,"href":"https:\/\/muycritico.com.ar\/web\/index.php?rest_route=%2Fwp%2Fv2%2Fcomments&post=10960"}],"version-history":[{"count":1,"href":"https:\/\/muycritico.com.ar\/web\/index.php?rest_route=\/wp\/v2\/posts\/10960\/revisions"}],"predecessor-version":[{"id":10963,"href":"https:\/\/muycritico.com.ar\/web\/index.php?rest_route=\/wp\/v2\/posts\/10960\/revisions\/10963"}],"wp:featuredmedia":[{"embeddable":true,"href":"https:\/\/muycritico.com.ar\/web\/index.php?rest_route=\/wp\/v2\/media\/10961"}],"wp:attachment":[{"href":"https:\/\/muycritico.com.ar\/web\/index.php?rest_route=%2Fwp%2Fv2%2Fmedia&parent=10960"}],"wp:term":[{"taxonomy":"category","embeddable":true,"href":"https:\/\/muycritico.com.ar\/web\/index.php?rest_route=%2Fwp%2Fv2%2Fcategories&post=10960"},{"taxonomy":"post_tag","embeddable":true,"href":"https:\/\/muycritico.com.ar\/web\/index.php?rest_route=%2Fwp%2Fv2%2Ftags&post=10960"}],"curies":[{"name":"wp","href":"https:\/\/api.w.org\/{rel}","templated":true}]}}