{"id":10949,"date":"2025-10-27T14:07:20","date_gmt":"2025-10-27T17:07:20","guid":{"rendered":"https:\/\/muycritico.com.ar\/web\/?p=10949"},"modified":"2026-01-18T19:12:19","modified_gmt":"2026-01-18T22:12:19","slug":"hubo-diez-sancionados-por-arrojar-residuos-y-quemar-basura-en-la-via-publica","status":"publish","type":"post","link":"https:\/\/muycritico.com.ar\/web\/?p=10949","title":{"rendered":"HUBO DIEZ SANCIONADOS POR ARROJAR RESIDUOS Y QUEMAR BASURA EN LA V\u00cdA P\u00daBLICA"},"content":{"rendered":"<p><strong>Las acciones fueron el resultado del operativo vial \u2013 ambiental efectuado en Ceferino, Santa Ana 1, Circunvalaci\u00f3n Sudeste, Solidaridad, Fraternidad, San Silvestre y Divino Ni\u00f1o. Las tareas estuvieron a cargo de la Patrulla Ambiental.<\/strong><\/p>\n<p><!--more--><\/p>\n<p>En el marco de un operativo vial \u2013 ambiental, la Municipalidad logr\u00f3 detectar en diversos puntos de la ciudad, a personas que se encontraban arrojando residuos a la v\u00eda p\u00fabica, y en algunos casos quemando basura y pastizales.<\/p>\n<p>Las tareas, a cargo de la Patrulla Ambiental, se llevaron a cabo mediante recorridos motorizados por las diferentes circunvalaciones, avenidas y platabandas de nuestra ciudad, arrojando como resultado diez actas de infracci\u00f3n.<\/p>\n<p>Las mismas se efectuaron por incumplimiento a las Ordenanzas Municipales vigentes en materia ambiental 15.415\/17 y 5.941\/90 (C\u00f3digo de Protecci\u00f3n Ambiental de la ciudad de Salta). Las actuaciones tuvieron lugar en:<\/p>\n<ul>\n<li>Ceferino, avda. Ecuador<\/li>\n<li>Santa Ana 1, calle Radio del Plata<\/li>\n<li>Circunvalaci\u00f3n Sudeste, altura Parque Industrial<\/li>\n<li>Bajo puente del a\u00edo Arenales, altura acceso B\u00b0 Solidaridad<\/li>\n<li>Fraternidad, calle Gabino Blanco<\/li>\n<li>San Silvestre<\/li>\n<li>Divino Ni\u00f1o Jes\u00fas, calle Carmen Torena<\/li>\n<\/ul>\n<p>Estas malas pr\u00e1cticas provocan un impacto ambiental favoreciendo la conformaci\u00f3n de microbasurales, afectando a la salud p\u00fablica, contaminaci\u00f3n del aire y favorecen a la propagaci\u00f3n del fuego.<\/p>\n<p>Los vecinos que advierten este tipo de situaciones pueden realizar las alertas y denuncias llamando al 105 o mediante la APP Muni Salta.<\/p>\n","protected":false},"excerpt":{"rendered":"<p>Las acciones fueron el resultado del operativo vial \u2013 ambiental efectuado en Ceferino, Santa Ana 1, Circunvalaci\u00f3n Sudeste, Solidaridad, Fraternidad, San Silvestre y Divino Ni\u00f1o. Las tareas estuvieron a cargo de la Patrulla Ambiental.<\/p>\n","protected":false},"author":2,"featured_media":10950,"comment_status":"open","ping_status":"closed","sticky":false,"template":"","format":"standard","meta":{"footnotes":""},"categories":[6],"tags":[872],"class_list":["post-10949","post","type-post","status-publish","format-standard","has-post-thumbnail","hentry","category-notas","tag-victor-sacca"],"_links":{"self":[{"href":"https:\/\/muycritico.com.ar\/web\/index.php?rest_route=\/wp\/v2\/posts\/10949","targetHints":{"allow":["GET"]}}],"collection":[{"href":"https:\/\/muycritico.com.ar\/web\/index.php?rest_route=\/wp\/v2\/posts"}],"about":[{"href":"https:\/\/muycritico.com.ar\/web\/index.php?rest_route=\/wp\/v2\/types\/post"}],"author":[{"embeddable":true,"href":"https:\/\/muycritico.com.ar\/web\/index.php?rest_route=\/wp\/v2\/users\/2"}],"replies":[{"embeddable":true,"href":"https:\/\/muycritico.com.ar\/web\/index.php?rest_route=%2Fwp%2Fv2%2Fcomments&post=10949"}],"version-history":[{"count":1,"href":"https:\/\/muycritico.com.ar\/web\/index.php?rest_route=\/wp\/v2\/posts\/10949\/revisions"}],"predecessor-version":[{"id":10951,"href":"https:\/\/muycritico.com.ar\/web\/index.php?rest_route=\/wp\/v2\/posts\/10949\/revisions\/10951"}],"wp:featuredmedia":[{"embeddable":true,"href":"https:\/\/muycritico.com.ar\/web\/index.php?rest_route=\/wp\/v2\/media\/10950"}],"wp:attachment":[{"href":"https:\/\/muycritico.com.ar\/web\/index.php?rest_route=%2Fwp%2Fv2%2Fmedia&parent=10949"}],"wp:term":[{"taxonomy":"category","embeddable":true,"href":"https:\/\/muycritico.com.ar\/web\/index.php?rest_route=%2Fwp%2Fv2%2Fcategories&post=10949"},{"taxonomy":"post_tag","embeddable":true,"href":"https:\/\/muycritico.com.ar\/web\/index.php?rest_route=%2Fwp%2Fv2%2Ftags&post=10949"}],"curies":[{"name":"wp","href":"https:\/\/api.w.org\/{rel}","templated":true}]}}