{"id":10940,"date":"2025-10-26T23:50:45","date_gmt":"2025-10-27T02:50:45","guid":{"rendered":"https:\/\/muycritico.com.ar\/web\/?p=10940"},"modified":"2026-01-18T19:12:20","modified_gmt":"2026-01-18T22:12:20","slug":"hoy-empieza-nuevamente-una-batalla-porque-en-salta-la-libertad-avanza","status":"publish","type":"post","link":"https:\/\/muycritico.com.ar\/web\/?p=10940","title":{"rendered":"\u201cHOY EMPIEZA NUEVAMENTE UNA BATALLA PORQUE EN SALTA LA LIBERTAD AVANZA\u201d"},"content":{"rendered":"<p><strong>Con el 91,25% de las mesas escrutadas, Emilia Orozco se impuso como Senadora nacional con el 41,50% de los votos.<\/strong><\/p>\n<p><!--more--><\/p>\n<p>En el escenario de su bunker tom\u00f3 la palabra y agradeci\u00f3 a los seguidores de La Libertad Avanza e hizo hincapi\u00e9 que fue una campa\u00f1a dif\u00edcil: \u201cSolo tengo palabras de agradecimiento\u201d.<\/p>\n<p>\u201cEs momento de fortalecer este equipo, de rever las cosas que hicimos mal y podemos hacer mejor\u201d pidi\u00f3 a los salte\u00f1os apoyar al mandatario nacional: \u201cMuchos creen que el presidente es un superpoderoso, es un ser humano que necesita nuestro apoyo\u201d.<\/p>\n<p>\u201cFueron meses dif\u00edciles, duros. Yo no tengo reclamos para los que me hicieron mucho da\u00f1o. Agradezco incluso a los medios de comunicaci\u00f3n en Salta que me lastimaron; s\u00e9 que muchos son laburantes y que recibieron \u00f3rdenes, lo hicieron contra su voluntad\u201d, expres\u00f3 Orozco.<\/p>\n","protected":false},"excerpt":{"rendered":"<p>Con el 91,25% de las mesas escrutadas, Emilia Orozco se impuso como Senadora nacional con el 41,50% de los votos.<\/p>\n","protected":false},"author":2,"featured_media":10941,"comment_status":"open","ping_status":"closed","sticky":false,"template":"","format":"standard","meta":{"footnotes":""},"categories":[6],"tags":[872],"class_list":["post-10940","post","type-post","status-publish","format-standard","has-post-thumbnail","hentry","category-notas","tag-victor-sacca"],"_links":{"self":[{"href":"https:\/\/muycritico.com.ar\/web\/index.php?rest_route=\/wp\/v2\/posts\/10940","targetHints":{"allow":["GET"]}}],"collection":[{"href":"https:\/\/muycritico.com.ar\/web\/index.php?rest_route=\/wp\/v2\/posts"}],"about":[{"href":"https:\/\/muycritico.com.ar\/web\/index.php?rest_route=\/wp\/v2\/types\/post"}],"author":[{"embeddable":true,"href":"https:\/\/muycritico.com.ar\/web\/index.php?rest_route=\/wp\/v2\/users\/2"}],"replies":[{"embeddable":true,"href":"https:\/\/muycritico.com.ar\/web\/index.php?rest_route=%2Fwp%2Fv2%2Fcomments&post=10940"}],"version-history":[{"count":1,"href":"https:\/\/muycritico.com.ar\/web\/index.php?rest_route=\/wp\/v2\/posts\/10940\/revisions"}],"predecessor-version":[{"id":10942,"href":"https:\/\/muycritico.com.ar\/web\/index.php?rest_route=\/wp\/v2\/posts\/10940\/revisions\/10942"}],"wp:featuredmedia":[{"embeddable":true,"href":"https:\/\/muycritico.com.ar\/web\/index.php?rest_route=\/wp\/v2\/media\/10941"}],"wp:attachment":[{"href":"https:\/\/muycritico.com.ar\/web\/index.php?rest_route=%2Fwp%2Fv2%2Fmedia&parent=10940"}],"wp:term":[{"taxonomy":"category","embeddable":true,"href":"https:\/\/muycritico.com.ar\/web\/index.php?rest_route=%2Fwp%2Fv2%2Fcategories&post=10940"},{"taxonomy":"post_tag","embeddable":true,"href":"https:\/\/muycritico.com.ar\/web\/index.php?rest_route=%2Fwp%2Fv2%2Ftags&post=10940"}],"curies":[{"name":"wp","href":"https:\/\/api.w.org\/{rel}","templated":true}]}}