{"id":10937,"date":"2025-10-26T23:27:26","date_gmt":"2025-10-27T02:27:26","guid":{"rendered":"https:\/\/muycritico.com.ar\/web\/?p=10937"},"modified":"2026-01-18T19:12:20","modified_gmt":"2026-01-18T22:12:20","slug":"salta-no-es-ni-cristina-ni-milei","status":"publish","type":"post","link":"https:\/\/muycritico.com.ar\/web\/?p=10937","title":{"rendered":"\u201cSALTA NO ES NI CRISTINA NI MILEI\u201d"},"content":{"rendered":"<p><strong>Lo dijo Gustavo S\u00e1enz desde el b\u00fanker de Primero los Salte\u00f1os. El gobernador habl\u00f3 tras conocerse los resultados de las Elecciones Legislativas 2025 y dej\u00f3 varias definiciones pol\u00edticas. Acompa\u00f1ando a Flavia Roy\u00f3n y Bernardo Biella, S\u00e1enz expres\u00f3 su satisfacci\u00f3n por el camino elegido. \u201cHoy empezamos a escribir una nueva historia. Hoy empezamos a decir que para Salta est\u00e1n primero los salte\u00f1os\u201d, manifest\u00f3.<\/strong><\/p>\n<p><!--more--><\/p>\n<p>\u201cSalta no es ni Cristina ni Milei. Salta es Salta\u201d, afirm\u00f3 en un mensaje con fuerte tono identitario, remarc\u00f3 que \u201ctodas las elecciones son distintas, siempre hay que ver los mensajes de la gente, escucharlos y aceptarlos\u201d. Sobre el armado pol\u00edtico que acompa\u00f1\u00f3 a Primero los Salte\u00f1os, el mandatario sostuvo: \u201cEn menos de un mes -o un poco m\u00e1s- hemos construido con orgullo, con coraje, con esfuerzo, pero sobre todo pensando en cada uno de los salte\u00f1os\u201d.<\/p>\n<blockquote class=\"instagram-media\" style=\"background: #FFF; border: 0; border-radius: 3px; box-shadow: 0 0 1px 0 rgba(0,0,0,0.5),0 1px 10px 0 rgba(0,0,0,0.15); margin: 1px; max-width: 540px; min-width: 326px; padding: 0; width: calc(100% - 2px);\" data-instgrm-captioned=\"\" data-instgrm-permalink=\"https:\/\/www.instagram.com\/reel\/DQUdy3YEU2Z\/?utm_source=ig_embed&amp;utm_campaign=loading\" data-instgrm-version=\"14\">\n<div style=\"padding: 16px;\">\n<p>&nbsp;<\/p>\n<div style=\"display: flex; flex-direction: row; align-items: center;\">\n<div style=\"background-color: #f4f4f4; border-radius: 50%; flex-grow: 0; height: 40px; margin-right: 14px; width: 40px;\"><\/div>\n<div style=\"display: flex; flex-direction: column; flex-grow: 1; justify-content: center;\">\n<div style=\"background-color: #f4f4f4; border-radius: 4px; flex-grow: 0; height: 14px; margin-bottom: 6px; width: 100px;\"><\/div>\n<div style=\"background-color: #f4f4f4; border-radius: 4px; flex-grow: 0; height: 14px; width: 60px;\"><\/div>\n<\/div>\n<\/div>\n<div style=\"padding: 19% 0;\"><\/div>\n<div style=\"display: block; height: 50px; margin: 0 auto 12px; width: 50px;\"><\/div>\n<div style=\"padding-top: 8px;\">\n<div style=\"color: #3897f0; font-family: Arial,sans-serif; font-size: 14px; font-style: normal; font-weight: 550; line-height: 18px;\">Ver esta publicaci\u00f3n en Instagram<\/div>\n<\/div>\n<div style=\"padding: 12.5% 0;\"><\/div>\n<div style=\"display: flex; flex-direction: row; margin-bottom: 14px; align-items: center;\">\n<div>\n<div style=\"background-color: #f4f4f4; border-radius: 50%; height: 12.5px; width: 12.5px; transform: translateX(0px) translateY(7px);\"><\/div>\n<div style=\"background-color: #f4f4f4; height: 12.5px; transform: rotate(-45deg) translateX(3px) translateY(1px); width: 12.5px; flex-grow: 0; margin-right: 14px; margin-left: 2px;\"><\/div>\n<div style=\"background-color: #f4f4f4; border-radius: 50%; height: 12.5px; width: 12.5px; transform: translateX(9px) translateY(-18px);\"><\/div>\n<\/div>\n<div style=\"margin-left: 8px;\">\n<div style=\"background-color: #f4f4f4; border-radius: 50%; flex-grow: 0; height: 20px; width: 20px;\"><\/div>\n<div style=\"width: 0; height: 0; border-top: 2px solid transparent; border-left: 6px solid #f4f4f4; border-bottom: 2px solid transparent; transform: translateX(16px) translateY(-4px) rotate(30deg);\"><\/div>\n<\/div>\n<div style=\"margin-left: auto;\">\n<div style=\"width: 0px; border-top: 8px solid #F4F4F4; border-right: 8px solid transparent; transform: translateY(16px);\"><\/div>\n<div style=\"background-color: #f4f4f4; flex-grow: 0; height: 12px; width: 16px; transform: translateY(-4px);\"><\/div>\n<div style=\"width: 0; height: 0; border-top: 8px solid #F4F4F4; border-left: 8px solid transparent; transform: translateY(-4px) translateX(8px);\"><\/div>\n<\/div>\n<\/div>\n<div style=\"display: flex; flex-direction: column; flex-grow: 1; justify-content: center; margin-bottom: 24px;\">\n<div style=\"background-color: #f4f4f4; border-radius: 4px; flex-grow: 0; height: 14px; margin-bottom: 6px; width: 224px;\"><\/div>\n<div style=\"background-color: #f4f4f4; border-radius: 4px; flex-grow: 0; height: 14px; width: 144px;\"><\/div>\n<\/div>\n<p>&nbsp;<\/p>\n<p style=\"color: #c9c8cd; font-family: Arial,sans-serif; font-size: 14px; line-height: 17px; margin-bottom: 0; margin-top: 8px; overflow: hidden; padding: 8px 0 7px; text-align: center; text-overflow: ellipsis; white-space: nowrap;\"><a style=\"color: #c9c8cd; font-family: Arial,sans-serif; font-size: 14px; font-style: normal; font-weight: normal; line-height: 17px; text-decoration: none;\" href=\"https:\/\/www.instagram.com\/reel\/DQUdy3YEU2Z\/?utm_source=ig_embed&amp;utm_campaign=loading\" target=\"_blank\" rel=\"noopener\">Una publicaci\u00f3n compartida por Muy Critico (@muycriticodigital)<\/a><\/p>\n<\/div>\n<\/blockquote>\n<p><script async src=\"\/\/www.instagram.com\/embed.js\"><\/script><\/p>\n<p>Finalmente, cerr\u00f3 con una referencia a la figura de Mart\u00edn Miguel de G\u00fcemes: \u201cGeneramos este camino: el de la independencia, el de la identidad, el de la soberan\u00eda de Salta, del coraje y el esfuerzo que nos ense\u00f1\u00f3 nuestro h\u00e9roe\u201d.<\/p>\n<p>\u201cEstoy feliz de haber tomado la decisi\u00f3n de participar y no mirar de costado la elecci\u00f3n nacional. Vamos a ir a pelear por cada uno de ustedes, por eso no me arrepiento de la decisi\u00f3n tomada\u201d, enfatiz\u00f3.<\/p>\n","protected":false},"excerpt":{"rendered":"<p>Lo dijo Gustavo S\u00e1enz desde el b\u00fanker de Primero los Salte\u00f1os. El gobernador habl\u00f3 tras conocerse los resultados de las Elecciones Legislativas 2025 y dej\u00f3 varias definiciones pol\u00edticas. Acompa\u00f1ando a Flavia Roy\u00f3n y Bernardo Biella, S\u00e1enz expres\u00f3 su satisfacci\u00f3n por el camino elegido. \u201cHoy empezamos a escribir una nueva historia. Hoy empezamos a decir que [&hellip;]<\/p>\n","protected":false},"author":2,"featured_media":10938,"comment_status":"open","ping_status":"closed","sticky":false,"template":"","format":"standard","meta":{"footnotes":""},"categories":[6],"tags":[872],"class_list":["post-10937","post","type-post","status-publish","format-standard","has-post-thumbnail","hentry","category-notas","tag-victor-sacca"],"_links":{"self":[{"href":"https:\/\/muycritico.com.ar\/web\/index.php?rest_route=\/wp\/v2\/posts\/10937","targetHints":{"allow":["GET"]}}],"collection":[{"href":"https:\/\/muycritico.com.ar\/web\/index.php?rest_route=\/wp\/v2\/posts"}],"about":[{"href":"https:\/\/muycritico.com.ar\/web\/index.php?rest_route=\/wp\/v2\/types\/post"}],"author":[{"embeddable":true,"href":"https:\/\/muycritico.com.ar\/web\/index.php?rest_route=\/wp\/v2\/users\/2"}],"replies":[{"embeddable":true,"href":"https:\/\/muycritico.com.ar\/web\/index.php?rest_route=%2Fwp%2Fv2%2Fcomments&post=10937"}],"version-history":[{"count":2,"href":"https:\/\/muycritico.com.ar\/web\/index.php?rest_route=\/wp\/v2\/posts\/10937\/revisions"}],"predecessor-version":[{"id":10956,"href":"https:\/\/muycritico.com.ar\/web\/index.php?rest_route=\/wp\/v2\/posts\/10937\/revisions\/10956"}],"wp:featuredmedia":[{"embeddable":true,"href":"https:\/\/muycritico.com.ar\/web\/index.php?rest_route=\/wp\/v2\/media\/10938"}],"wp:attachment":[{"href":"https:\/\/muycritico.com.ar\/web\/index.php?rest_route=%2Fwp%2Fv2%2Fmedia&parent=10937"}],"wp:term":[{"taxonomy":"category","embeddable":true,"href":"https:\/\/muycritico.com.ar\/web\/index.php?rest_route=%2Fwp%2Fv2%2Fcategories&post=10937"},{"taxonomy":"post_tag","embeddable":true,"href":"https:\/\/muycritico.com.ar\/web\/index.php?rest_route=%2Fwp%2Fv2%2Ftags&post=10937"}],"curies":[{"name":"wp","href":"https:\/\/api.w.org\/{rel}","templated":true}]}}