{"id":10931,"date":"2025-10-26T20:24:23","date_gmt":"2025-10-26T23:24:23","guid":{"rendered":"https:\/\/muycritico.com.ar\/web\/?p=10931"},"modified":"2026-01-18T19:12:20","modified_gmt":"2026-01-18T22:12:20","slug":"saenz-emitio-su-voto-y-convoco-a-los-ciudadanos-a-participar-para-fortalecer-la-democracia-el-futuro-de-salta-y-del-pais","status":"publish","type":"post","link":"https:\/\/muycritico.com.ar\/web\/?p=10931","title":{"rendered":"S\u00c1ENZ EMITI\u00d3 SU VOTO Y CONVOC\u00d3 A LOS CIUDADANOS A PARTICIPAR PARA FORTALECER LA DEMOCRACIA, EL FUTURO DE SALTA Y DEL PA\u00cdS"},"content":{"rendered":"<p><strong>\u201cEsperemos que la gente se comprometa y participe de esta jornada democr\u00e1tica porque es la mejor herramienta que tienen para poder cambiar las cosas\u201d, expres\u00f3 el Gobernador en el marco de las elecciones legislativas nacionales que renovar\u00e1n parcialmente la C\u00e1mara de Diputados y de Senadores. \u201cHay que trabajar juntos para sacar a Argentina adelante\u201d<\/strong><\/p>\n<p><!--more--><\/p>\n<p>El gobernador Gustavo S\u00e1enz emiti\u00f3 esta ma\u00f1ana su voto en el colegio Manuel Castro (ex Nacional) en la mesa 1138 en el marco de las elecciones legislativas que renovar\u00e1n parcialmente la C\u00e1mara de Diputados y la de Senadores. En Salta se renuevan tres bancas de diputados y tres senadores nacionales.<\/p>\n<p>En di\u00e1logo con los medios S\u00e1enz convoc\u00f3 a los ciudadanos a participar y a emitir su voto, destacando la importancia de este d\u00eda para la democracia, para el futuro del pa\u00eds y de Salta. \u201cEsperemos que la gente se comprometa y participe de esta jornada democr\u00e1tica porque es la mejor herramienta que tienen para poder cambiar las cosas\u201d.<\/p>\n<p>A\u00f1adi\u00f3 que todas las elecciones son para destacar, pero que \u201clo importante de esta elecci\u00f3n es que de una u otra manera el Gobierno nacional entienda que hay que trabajar todos juntos para sacar a Argentina adelante. Lo que la gente decida hoy ser\u00e1 importante para las provincias y tambi\u00e9n para la Naci\u00f3n\u201d.<\/p>\n<p>Reiter\u00f3 finalmente su compromiso por el crecimiento de la provincia de Salta y su trabajo para \u201cseguir resolviendo los problemas de la gente\u201d.<\/p>\n<p><iframe loading=\"lazy\" title=\"S\u00e1enz emiti\u00f3 su voto y convoc\u00f3 a los ciudadanos a participar para fortalecer la democracia\" width=\"696\" height=\"392\" src=\"https:\/\/www.youtube.com\/embed\/gXP-8Dex6Aw?feature=oembed\" frameborder=\"0\" allow=\"accelerometer; autoplay; clipboard-write; encrypted-media; gyroscope; picture-in-picture; web-share\" referrerpolicy=\"strict-origin-when-cross-origin\" allowfullscreen><\/iframe><\/p>\n<p><strong>Las elecciones<\/strong><\/p>\n<p>Las de este domingo son las primeras elecciones nacionales en las que se vota utilizando la boleta \u00fanica de papel, BUP instaurada por la Ley 27.781 en reemplazo de las boletas partidarias.<\/p>\n<p>Se renovar\u00e1n 127 bancas de las 257 de Diputados para el periodo legislativo 2025-2029, junto con 24 de las 72 bancas del Senado para el per\u00edodo 2025-2031.<\/p>\n<p>Seg\u00fan inform\u00f3 el Tribunal Electoral provincial, hay un total de 1.117.076 ciudadanos habilitados para votar, distribuidos en 3.371 mesas dentro de 515 establecimientos educativos, organizados en 336 circuitos y 23 secciones electorales.<\/p>\n<p>En esta oportunidad, adem\u00e1s de Salta, deber\u00e1n renovar sus tres senadores: la Ciudad Aut\u00f3noma de Buenos Aires, Chaco, Entre R\u00edos, Neuqu\u00e9n, R\u00edo Negro, Santiago del Estero y Tierra del Fuego, Ant\u00e1rtida e Islas del Atl\u00e1ntico Sur.<\/p>\n","protected":false},"excerpt":{"rendered":"<p>\u201cEsperemos que la gente se comprometa y participe de esta jornada democr\u00e1tica porque es la mejor herramienta que tienen para poder cambiar las cosas\u201d, expres\u00f3 el Gobernador en el marco de las elecciones legislativas nacionales que renovar\u00e1n parcialmente la C\u00e1mara de Diputados y de Senadores. \u201cHay que trabajar juntos para sacar a Argentina adelante\u201d<\/p>\n","protected":false},"author":2,"featured_media":10932,"comment_status":"open","ping_status":"closed","sticky":false,"template":"","format":"standard","meta":{"footnotes":""},"categories":[6],"tags":[872],"class_list":["post-10931","post","type-post","status-publish","format-standard","has-post-thumbnail","hentry","category-notas","tag-victor-sacca"],"_links":{"self":[{"href":"https:\/\/muycritico.com.ar\/web\/index.php?rest_route=\/wp\/v2\/posts\/10931","targetHints":{"allow":["GET"]}}],"collection":[{"href":"https:\/\/muycritico.com.ar\/web\/index.php?rest_route=\/wp\/v2\/posts"}],"about":[{"href":"https:\/\/muycritico.com.ar\/web\/index.php?rest_route=\/wp\/v2\/types\/post"}],"author":[{"embeddable":true,"href":"https:\/\/muycritico.com.ar\/web\/index.php?rest_route=\/wp\/v2\/users\/2"}],"replies":[{"embeddable":true,"href":"https:\/\/muycritico.com.ar\/web\/index.php?rest_route=%2Fwp%2Fv2%2Fcomments&post=10931"}],"version-history":[{"count":1,"href":"https:\/\/muycritico.com.ar\/web\/index.php?rest_route=\/wp\/v2\/posts\/10931\/revisions"}],"predecessor-version":[{"id":10933,"href":"https:\/\/muycritico.com.ar\/web\/index.php?rest_route=\/wp\/v2\/posts\/10931\/revisions\/10933"}],"wp:featuredmedia":[{"embeddable":true,"href":"https:\/\/muycritico.com.ar\/web\/index.php?rest_route=\/wp\/v2\/media\/10932"}],"wp:attachment":[{"href":"https:\/\/muycritico.com.ar\/web\/index.php?rest_route=%2Fwp%2Fv2%2Fmedia&parent=10931"}],"wp:term":[{"taxonomy":"category","embeddable":true,"href":"https:\/\/muycritico.com.ar\/web\/index.php?rest_route=%2Fwp%2Fv2%2Fcategories&post=10931"},{"taxonomy":"post_tag","embeddable":true,"href":"https:\/\/muycritico.com.ar\/web\/index.php?rest_route=%2Fwp%2Fv2%2Ftags&post=10931"}],"curies":[{"name":"wp","href":"https:\/\/api.w.org\/{rel}","templated":true}]}}