{"id":10924,"date":"2025-10-26T17:05:53","date_gmt":"2025-10-26T20:05:53","guid":{"rendered":"https:\/\/muycritico.com.ar\/web\/?p=10924"},"modified":"2026-01-18T19:12:20","modified_gmt":"2026-01-18T22:12:20","slug":"juan-manuel-urtubey-en-estas-elecciones-se-disputan-dos-modelos-de-pais","status":"publish","type":"post","link":"https:\/\/muycritico.com.ar\/web\/?p=10924","title":{"rendered":"JUAN MANUEL URTUBEY: \u201cEN ESTAS ELECCIONES SE DISPUTAN DOS MODELOS DE PA\u00cdS\u201d"},"content":{"rendered":"<p><strong>El exgobernador de Salta y candidato a senador nacional por Fuerza Patria, Juan Manuel Urtubey, emiti\u00f3 su voto pasado el mediod\u00eda en el Colegio Humanista de San Lorenzo, donde lleg\u00f3 acompa\u00f1ado por su familia.<\/strong><\/p>\n<p><!--more--><\/p>\n<p>Tras sufragar, Urtubey reflexion\u00f3 sobre la trascendencia del proceso electoral y llam\u00f3 a los salte\u00f1os a participar activamente de esta jornada democr\u00e1tica.<\/p>\n<p>\u201cCada votante puede expresarse como le parezca. Esta es una elecci\u00f3n nacional; las cuestiones provinciales ya fueron resueltas. Ahora estamos definiendo un tipo de pa\u00eds. Se disputan dos modelos distintos, y sobre eso se van a expresar los votantes\u201d, se\u00f1al\u00f3.<\/p>\n<blockquote class=\"instagram-media\" style=\"background: #FFF; border: 0; border-radius: 3px; box-shadow: 0 0 1px 0 rgba(0,0,0,0.5),0 1px 10px 0 rgba(0,0,0,0.15); margin: 1px; max-width: 540px; min-width: 326px; padding: 0; width: calc(100% - 2px);\" data-instgrm-captioned=\"\" data-instgrm-permalink=\"https:\/\/www.instagram.com\/reel\/DQSZ1Sikb23\/?utm_source=ig_embed&amp;utm_campaign=loading\" data-instgrm-version=\"14\">\n<div style=\"padding: 16px;\">\n<p>&nbsp;<\/p>\n<div style=\"display: flex; flex-direction: row; align-items: center;\">\n<div style=\"background-color: #f4f4f4; border-radius: 50%; flex-grow: 0; height: 40px; margin-right: 14px; width: 40px;\"><\/div>\n<div style=\"display: flex; flex-direction: column; flex-grow: 1; justify-content: center;\">\n<div style=\"background-color: #f4f4f4; border-radius: 4px; flex-grow: 0; height: 14px; margin-bottom: 6px; width: 100px;\"><\/div>\n<div style=\"background-color: #f4f4f4; border-radius: 4px; flex-grow: 0; height: 14px; width: 60px;\"><\/div>\n<\/div>\n<\/div>\n<div style=\"padding: 19% 0;\"><\/div>\n<div style=\"display: block; height: 50px; margin: 0 auto 12px; width: 50px;\"><\/div>\n<div style=\"padding-top: 8px;\">\n<div style=\"color: #3897f0; font-family: Arial,sans-serif; font-size: 14px; font-style: normal; font-weight: 550; line-height: 18px;\">Ver esta publicaci\u00f3n en Instagram<\/div>\n<\/div>\n<div style=\"padding: 12.5% 0;\"><\/div>\n<div style=\"display: flex; flex-direction: row; margin-bottom: 14px; align-items: center;\">\n<div>\n<div style=\"background-color: #f4f4f4; border-radius: 50%; height: 12.5px; width: 12.5px; transform: translateX(0px) translateY(7px);\"><\/div>\n<div style=\"background-color: #f4f4f4; height: 12.5px; transform: rotate(-45deg) translateX(3px) translateY(1px); width: 12.5px; flex-grow: 0; margin-right: 14px; margin-left: 2px;\"><\/div>\n<div style=\"background-color: #f4f4f4; border-radius: 50%; height: 12.5px; width: 12.5px; transform: translateX(9px) translateY(-18px);\"><\/div>\n<\/div>\n<div style=\"margin-left: 8px;\">\n<div style=\"background-color: #f4f4f4; border-radius: 50%; flex-grow: 0; height: 20px; width: 20px;\"><\/div>\n<div style=\"width: 0; height: 0; border-top: 2px solid transparent; border-left: 6px solid #f4f4f4; border-bottom: 2px solid transparent; transform: translateX(16px) translateY(-4px) rotate(30deg);\"><\/div>\n<\/div>\n<div style=\"margin-left: auto;\">\n<div style=\"width: 0px; border-top: 8px solid #F4F4F4; border-right: 8px solid transparent; transform: translateY(16px);\"><\/div>\n<div style=\"background-color: #f4f4f4; flex-grow: 0; height: 12px; width: 16px; transform: translateY(-4px);\"><\/div>\n<div style=\"width: 0; height: 0; border-top: 8px solid #F4F4F4; border-left: 8px solid transparent; transform: translateY(-4px) translateX(8px);\"><\/div>\n<\/div>\n<\/div>\n<div style=\"display: flex; flex-direction: column; flex-grow: 1; justify-content: center; margin-bottom: 24px;\">\n<div style=\"background-color: #f4f4f4; border-radius: 4px; flex-grow: 0; height: 14px; margin-bottom: 6px; width: 224px;\"><\/div>\n<div style=\"background-color: #f4f4f4; border-radius: 4px; flex-grow: 0; height: 14px; width: 144px;\"><\/div>\n<\/div>\n<p>&nbsp;<\/p>\n<p style=\"color: #c9c8cd; font-family: Arial,sans-serif; font-size: 14px; line-height: 17px; margin-bottom: 0; margin-top: 8px; overflow: hidden; padding: 8px 0 7px; text-align: center; text-overflow: ellipsis; white-space: nowrap;\"><a style=\"color: #c9c8cd; font-family: Arial,sans-serif; font-size: 14px; font-style: normal; font-weight: normal; line-height: 17px; text-decoration: none;\" href=\"https:\/\/www.instagram.com\/reel\/DQSZ1Sikb23\/?utm_source=ig_embed&amp;utm_campaign=loading\" target=\"_blank\" rel=\"noopener\">Una publicaci\u00f3n compartida por Muy Critico (@muycriticodigital)<\/a><\/p>\n<\/div>\n<\/blockquote>\n<p><script async src=\"\/\/www.instagram.com\/embed.js\"><\/script><\/p>\n<p>El candidato destac\u00f3 que la elecci\u00f3n de este domingo no es una m\u00e1s, sino un momento decisivo para el futuro de la Argentina:<\/p>\n<p>\u201cEspero que hoy todos los salte\u00f1os y argentinos podamos expresarnos con normalidad y absoluta libertad, sin presiones ni coacciones. En esta elecci\u00f3n no se discute poco, se discute todo. Hay modelos de pa\u00eds francamente encontrados.\u201d<\/p>\n<p><img loading=\"lazy\" decoding=\"async\" class=\"aligncenter size-full wp-image-10926\" src=\"https:\/\/muycritico.com.ar\/web\/wp-content\/uploads\/2025\/10\/URTUBEY-ELECCIONES2.jpg\" alt=\"\" width=\"1494\" height=\"996\" srcset=\"https:\/\/muycritico.com.ar\/web\/wp-content\/uploads\/2025\/10\/URTUBEY-ELECCIONES2.jpg 1494w, https:\/\/muycritico.com.ar\/web\/wp-content\/uploads\/2025\/10\/URTUBEY-ELECCIONES2-768x512.jpg 768w\" sizes=\"auto, (max-width: 1494px) 100vw, 1494px\" \/><\/p>\n<p>En ese sentido, Urtubey subray\u00f3 que el pa\u00eds atraviesa un punto de inflexi\u00f3n, donde cada voto tiene un valor trascendental: \u201cQue los salte\u00f1os vengan a votar, que todos participen. Que todos sepan que su elecci\u00f3n ser\u00e1 trascendente para el futuro de la Patria. Estamos en un punto de inflexi\u00f3n.\u201d<\/p>\n<p>Consultado sobre el desarrollo de la campa\u00f1a, el exmandatario salte\u00f1o lament\u00f3 el clima de confrontaci\u00f3n que predomin\u00f3 en el debate p\u00fablico: \u201cFue una campa\u00f1a muy violenta, donde se discutieron poco los temas importantes. Tenemos que volver a un clima de respeto y de debate de ideas, porque es la \u00fanica forma de construir un pa\u00eds mejor.\u201d<\/p>\n<p>Finalmente, Urtubey reafirm\u00f3 su compromiso de trabajar por la unidad, el trabajo, la producci\u00f3n y el federalismo, frente a los extremos que \u2014dijo\u2014 \u201csolo profundizan la divisi\u00f3n y el desencanto\u201d.<\/p>\n","protected":false},"excerpt":{"rendered":"<p>El exgobernador de Salta y candidato a senador nacional por Fuerza Patria, Juan Manuel Urtubey, emiti\u00f3 su voto pasado el mediod\u00eda en el Colegio Humanista de San Lorenzo, donde lleg\u00f3 acompa\u00f1ado por su familia.<\/p>\n","protected":false},"author":2,"featured_media":10925,"comment_status":"open","ping_status":"closed","sticky":false,"template":"","format":"standard","meta":{"footnotes":""},"categories":[6],"tags":[872],"class_list":["post-10924","post","type-post","status-publish","format-standard","has-post-thumbnail","hentry","category-notas","tag-victor-sacca"],"_links":{"self":[{"href":"https:\/\/muycritico.com.ar\/web\/index.php?rest_route=\/wp\/v2\/posts\/10924","targetHints":{"allow":["GET"]}}],"collection":[{"href":"https:\/\/muycritico.com.ar\/web\/index.php?rest_route=\/wp\/v2\/posts"}],"about":[{"href":"https:\/\/muycritico.com.ar\/web\/index.php?rest_route=\/wp\/v2\/types\/post"}],"author":[{"embeddable":true,"href":"https:\/\/muycritico.com.ar\/web\/index.php?rest_route=\/wp\/v2\/users\/2"}],"replies":[{"embeddable":true,"href":"https:\/\/muycritico.com.ar\/web\/index.php?rest_route=%2Fwp%2Fv2%2Fcomments&post=10924"}],"version-history":[{"count":3,"href":"https:\/\/muycritico.com.ar\/web\/index.php?rest_route=\/wp\/v2\/posts\/10924\/revisions"}],"predecessor-version":[{"id":10929,"href":"https:\/\/muycritico.com.ar\/web\/index.php?rest_route=\/wp\/v2\/posts\/10924\/revisions\/10929"}],"wp:featuredmedia":[{"embeddable":true,"href":"https:\/\/muycritico.com.ar\/web\/index.php?rest_route=\/wp\/v2\/media\/10925"}],"wp:attachment":[{"href":"https:\/\/muycritico.com.ar\/web\/index.php?rest_route=%2Fwp%2Fv2%2Fmedia&parent=10924"}],"wp:term":[{"taxonomy":"category","embeddable":true,"href":"https:\/\/muycritico.com.ar\/web\/index.php?rest_route=%2Fwp%2Fv2%2Fcategories&post=10924"},{"taxonomy":"post_tag","embeddable":true,"href":"https:\/\/muycritico.com.ar\/web\/index.php?rest_route=%2Fwp%2Fv2%2Ftags&post=10924"}],"curies":[{"name":"wp","href":"https:\/\/api.w.org\/{rel}","templated":true}]}}